{"id":78863,"date":"2026-01-06T13:14:57","date_gmt":"2026-01-06T10:14:57","guid":{"rendered":"https:\/\/www.egemtv.com\/?p=78863"},"modified":"2026-01-06T13:14:58","modified_gmt":"2026-01-06T10:14:58","slug":"usak-universitesi-surekli-egitim-merkezinden-istihdama-yonelik-is-birlikleri","status":"publish","type":"post","link":"https:\/\/www.egemtv.com\/?p=78863","title":{"rendered":"U\u015fak \u00dcniversitesi S\u00fcrekli E\u011fitim Merkezi\u2019nden istihdama y\u00f6nelik i\u015f  birlikleri"},"content":{"rendered":"<p>U\u015fak \u00dcniversitesi S\u00fcrekli E\u011fitim Ara\u015ft\u0131rma ve Uygulama Merkezi (USEM), \u015fehrin \u00f6nemli kurumlar\u0131yla y\u00fcr\u00fctt\u00fc\u011f\u00fc i\u015f birlikleri kapsam\u0131nda istihdama y\u00f6nelik e\u011fitim faaliyetlerini s\u00fcrd\u00fcrmeye devam ediyor.<br \/>\n<br \/>U\u015fak \u00dcniversitesi S\u00fcrekli E\u011fitim Ara\u015ft\u0131rma ve Uygulama Merkezi, U\u015fak \u00c7al\u0131\u015fma ve \u0130\u015f Kurumu \u0130l M\u00fcd\u00fcrl\u00fc\u011f\u00fc (\u0130\u015eKUR) ile yapt\u0131\u011f\u0131 i\u015f birli\u011fi kapsam\u0131nda U\u015fak\u2019ta faaliyet g\u00f6steren \u00e7e\u015fitli al\u0131\u015fveri\u015f merkezlerinde istihdam edilmek \u00fczere 68 kursiyere pazarlama ve perakende sat\u0131\u015f e\u011fitimi verdi. Ayr\u0131ca nitelikli i\u015fg\u00fcc\u00fc yeti\u015ftirme program\u0131 kapsam\u0131nda U\u015fak Ticaret ve Sanayi Odas\u0131 Ba\u015fkanl\u0131\u011f\u0131 i\u015f birli\u011fi ile 10 kursiyere sigortac\u0131l\u0131k mesle\u011fi e\u011fitimleri verildi.<br \/>\n<br \/>Ulusal Meslek Standartlar\u0131 (UMS) ve ulusal yeterlikler esas al\u0131narak planlanan e\u011fitimlerde U\u015fak \u00dcniversitesinde g\u00f6rev yapan \u00f6\u011fretim elamanlar\u0131 taraf\u0131ndan kursiyerlere; i\u015fleri organize etme, sat\u0131\u015f \u00f6ncesi haz\u0131rl\u0131k yapma, m\u00fc\u015fteri ile sa\u011fl\u0131kl\u0131 ileti\u015fim kurma, al\u0131m-sat\u0131m i\u015flerini yapabilme ve bu i\u015flerin ger\u00e7ekle\u015ftirilmesi s\u0131ras\u0131nda uyulmas\u0131 gereken i\u015f sa\u011fl\u0131\u011f\u0131 ve g\u00fcvenli\u011fi kurallar\u0131 ile temel ilk yard\u0131m kurallar\u0131 anlat\u0131ld\u0131.<br \/><\/p>\n","protected":false},"excerpt":{"rendered":"<p>U\u015fak \u00dcniversitesi S\u00fcrekli E\u011fitim Ara\u015ft\u0131rma ve Uygulama Merkezi (USEM), \u015fehrin \u00f6nemli kurumlar\u0131yla y\u00fcr\u00fctt\u00fc\u011f\u00fc i\u015f birlikleri kapsam\u0131nda istihdama y\u00f6nelik e\u011fitim faaliyetlerini s\u00fcrd\u00fcrmeye devam ediyor. U\u015fak \u00dcniversitesi S\u00fcrekli E\u011fitim Ara\u015ft\u0131rma ve Uygulama Merkezi, U\u015fak \u00c7al\u0131\u015fma ve \u0130\u015f Kurumu \u0130l M\u00fcd\u00fcrl\u00fc\u011f\u00fc (\u0130\u015eKUR) ile yapt\u0131\u011f\u0131 i\u015f birli\u011fi kapsam\u0131nda U\u015fak\u2019ta faaliyet g\u00f6steren \u00e7e\u015fitli al\u0131\u015fveri\u015f merkezlerinde istihdam edilmek \u00fczere 68 kursiyere&#8230;<\/p>\n","protected":false},"author":1,"featured_media":78864,"comment_status":"open","ping_status":"open","sticky":false,"template":"","format":"standard","meta":{"_crdt_document":"","footnotes":""},"categories":[1],"tags":[],"class_list":["post-78863","post","type-post","status-publish","format-standard","has-post-thumbnail","hentry","category-guncel"],"_links":{"self":[{"href":"https:\/\/www.egemtv.com\/index.php?rest_route=\/wp\/v2\/posts\/78863","targetHints":{"allow":["GET"]}}],"collection":[{"href":"https:\/\/www.egemtv.com\/index.php?rest_route=\/wp\/v2\/posts"}],"about":[{"href":"https:\/\/www.egemtv.com\/index.php?rest_route=\/wp\/v2\/types\/post"}],"author":[{"embeddable":true,"href":"https:\/\/www.egemtv.com\/index.php?rest_route=\/wp\/v2\/users\/1"}],"replies":[{"embeddable":true,"href":"https:\/\/www.egemtv.com\/index.php?rest_route=%2Fwp%2Fv2%2Fcomments&post=78863"}],"version-history":[{"count":1,"href":"https:\/\/www.egemtv.com\/index.php?rest_route=\/wp\/v2\/posts\/78863\/revisions"}],"predecessor-version":[{"id":78865,"href":"https:\/\/www.egemtv.com\/index.php?rest_route=\/wp\/v2\/posts\/78863\/revisions\/78865"}],"wp:featuredmedia":[{"embeddable":true,"href":"https:\/\/www.egemtv.com\/index.php?rest_route=\/wp\/v2\/media\/78864"}],"wp:attachment":[{"href":"https:\/\/www.egemtv.com\/index.php?rest_route=%2Fwp%2Fv2%2Fmedia&parent=78863"}],"wp:term":[{"taxonomy":"category","embeddable":true,"href":"https:\/\/www.egemtv.com\/index.php?rest_route=%2Fwp%2Fv2%2Fcategories&post=78863"},{"taxonomy":"post_tag","embeddable":true,"href":"https:\/\/www.egemtv.com\/index.php?rest_route=%2Fwp%2Fv2%2Ftags&post=78863"}],"curies":[{"name":"wp","href":"https:\/\/api.w.org\/{rel}","templated":true}]}}