{"id":78860,"date":"2026-01-06T12:54:46","date_gmt":"2026-01-06T09:54:46","guid":{"rendered":"https:\/\/www.egemtv.com\/?p=78860"},"modified":"2026-01-06T12:54:47","modified_gmt":"2026-01-06T09:54:47","slug":"karsiyakali-yalin-nextgen-euroleague-elemelerinde","status":"publish","type":"post","link":"https:\/\/www.egemtv.com\/?p=78860","title":{"rendered":"Kar\u015f\u0131yakal\u0131 Yal\u0131n, NextGen EuroLeague Elemeleri\u2019nde"},"content":{"rendered":"<p>Kar\u015f\u0131yaka altyap\u0131s\u0131ndan yeti\u015fip A tak\u0131m formas\u0131 da giyen Yal\u0131n Y\u0131ld\u0131z, 6-8 \u015eubat\u2019ta Almanya\u2019n\u0131n Ulm kentinde d\u00fczenlenecek NextGen EuroLeague Elemeleri\u2019nde Next Generation Team Ulm kadrosuna dahil edildi.<br \/>\n<br \/>Basketbol S\u00fcper Ligi ekiplerinden Kar\u015f\u0131yaka\u2019da Yal\u0131n Y\u0131ld\u0131z sevinci ya\u015fan\u0131yor. Ye\u015fil-k\u0131rm\u0131z\u0131l\u0131 altyap\u0131dan yeti\u015fen ve A tak\u0131m formas\u0131 giyme ba\u015far\u0131s\u0131 da g\u00f6steren Yal\u0131n, -8 \u015eubat\u2019ta Almanya\u2019n\u0131n Ulm kentinde d\u00fczenlenecek NextGen EuroLeague Elemeleri\u2019nde Next Generation Team Ulm kadrosuna dahil edildi. Konuyla ilgili Kar\u015f\u0131yaka\u2019dan yap\u0131lan a\u00e7\u0131klamada, &#8220;Kul\u00fcb\u00fcm\u00fcz\u00fcn altyap\u0131s\u0131ndan yeti\u015fen ve A Tak\u0131m formam\u0131z\u0131 da giyen Yal\u0131n Y\u0131ld\u0131z, 6-8 \u015eubat tarihleri aras\u0131nda Ulm\u2019da d\u00fczenlenecek adidas NextGen EuroLeague Elemeleri\u2019nde adidas Next Generation Team Ulm kadrosuna se\u00e7ilmi\u015ftir.<br \/>\n<br \/>G\u00f6stermi\u015f oldu\u011fu geli\u015fim, \u00e7al\u0131\u015fma disiplini ve performans\u0131yla bu \u00f6nemli organizasyonda yer alma hakk\u0131 kazanan sporcumuz, kul\u00fcb\u00fcm\u00fcz\u00fc ve T\u00fcrk basketbolunu uluslararas\u0131 arenada temsil edecektir.<br \/>\n<br \/>Avrupa\u2019n\u0131n en prestijli U18 organizasyonlar\u0131 aras\u0131nda yer alan NextGen EuroLeague; ge\u00e7mi\u015fte Luka Doni, Victor Wembanyama gibi bir\u00e7ok y\u0131ld\u0131z oyuncunun kendini g\u00f6sterdi\u011fi \u00f6nemli bir vitrin olmu\u015ftur.<br \/>\n<br \/>Yal\u0131n Y\u0131ld\u0131z\u2019\u0131 tebrik ediyor, adidas NextGen EuroLeague Elemeleri\u2019nde kendisine ve tak\u0131m\u0131na ba\u015far\u0131lar diliyoruz&#8221; ifadelerine yer verildi.<br \/><\/p>\n","protected":false},"excerpt":{"rendered":"<p>Kar\u015f\u0131yaka altyap\u0131s\u0131ndan yeti\u015fip A tak\u0131m formas\u0131 da giyen Yal\u0131n Y\u0131ld\u0131z, 6-8 \u015eubat\u2019ta Almanya\u2019n\u0131n Ulm kentinde d\u00fczenlenecek NextGen EuroLeague Elemeleri\u2019nde Next Generation Team Ulm kadrosuna dahil edildi. Basketbol S\u00fcper Ligi ekiplerinden Kar\u015f\u0131yaka\u2019da Yal\u0131n Y\u0131ld\u0131z sevinci ya\u015fan\u0131yor. Ye\u015fil-k\u0131rm\u0131z\u0131l\u0131 altyap\u0131dan yeti\u015fen ve A tak\u0131m formas\u0131 giyme ba\u015far\u0131s\u0131 da g\u00f6steren Yal\u0131n, -8 \u015eubat\u2019ta Almanya\u2019n\u0131n Ulm kentinde d\u00fczenlenecek NextGen EuroLeague&#8230;<\/p>\n","protected":false},"author":1,"featured_media":78861,"comment_status":"open","ping_status":"open","sticky":false,"template":"","format":"standard","meta":{"_crdt_document":"","footnotes":""},"categories":[4],"tags":[],"class_list":["post-78860","post","type-post","status-publish","format-standard","has-post-thumbnail","hentry","category-spor"],"_links":{"self":[{"href":"https:\/\/www.egemtv.com\/index.php?rest_route=\/wp\/v2\/posts\/78860","targetHints":{"allow":["GET"]}}],"collection":[{"href":"https:\/\/www.egemtv.com\/index.php?rest_route=\/wp\/v2\/posts"}],"about":[{"href":"https:\/\/www.egemtv.com\/index.php?rest_route=\/wp\/v2\/types\/post"}],"author":[{"embeddable":true,"href":"https:\/\/www.egemtv.com\/index.php?rest_route=\/wp\/v2\/users\/1"}],"replies":[{"embeddable":true,"href":"https:\/\/www.egemtv.com\/index.php?rest_route=%2Fwp%2Fv2%2Fcomments&post=78860"}],"version-history":[{"count":1,"href":"https:\/\/www.egemtv.com\/index.php?rest_route=\/wp\/v2\/posts\/78860\/revisions"}],"predecessor-version":[{"id":78862,"href":"https:\/\/www.egemtv.com\/index.php?rest_route=\/wp\/v2\/posts\/78860\/revisions\/78862"}],"wp:featuredmedia":[{"embeddable":true,"href":"https:\/\/www.egemtv.com\/index.php?rest_route=\/wp\/v2\/media\/78861"}],"wp:attachment":[{"href":"https:\/\/www.egemtv.com\/index.php?rest_route=%2Fwp%2Fv2%2Fmedia&parent=78860"}],"wp:term":[{"taxonomy":"category","embeddable":true,"href":"https:\/\/www.egemtv.com\/index.php?rest_route=%2Fwp%2Fv2%2Fcategories&post=78860"},{"taxonomy":"post_tag","embeddable":true,"href":"https:\/\/www.egemtv.com\/index.php?rest_route=%2Fwp%2Fv2%2Ftags&post=78860"}],"curies":[{"name":"wp","href":"https:\/\/api.w.org\/{rel}","templated":true}]}}