{"id":78857,"date":"2026-01-06T12:54:45","date_gmt":"2026-01-06T09:54:45","guid":{"rendered":"https:\/\/www.egemtv.com\/?p=78857"},"modified":"2026-01-06T12:54:46","modified_gmt":"2026-01-06T09:54:46","slug":"evi-kursunlayan-iki-sahis-yakalandi","status":"publish","type":"post","link":"https:\/\/www.egemtv.com\/?p=78857","title":{"rendered":"Evi kur\u015funlayan iki \u015fah\u0131s yakaland\u0131"},"content":{"rendered":"<p>Ayd\u0131n\u2019\u0131n Nazilli il\u00e7esinde bir eve silahla ate\u015f eden \u015fah\u0131slar polisin yapt\u0131\u011f\u0131 \u00e7al\u0131\u015fma ile yakaland\u0131.<\/p>\n<p>Edinilen bilgiye g\u00f6re, 2 Ocak tarihinde \u015eirinevler Mahallesi\u2019nde bulunan bir ikametin ate\u015fli silahla kur\u015funlanmas\u0131 olay\u0131 ile ilgili Nazilli \u0130l\u00e7e Emniyet M\u00fcd\u00fcrl\u00fc\u011f\u00fc ekipleri taraf\u0131ndan \u00e7al\u0131\u015fma ba\u015flat\u0131ld\u0131. Yap\u0131lan \u00e7al\u0131\u015fmalarda, meydana gelen olay\u0131n failleri oldu\u011fu tespit edilen G.Y. ve M.A. isimli ya\u015f\u0131 k\u00fc\u00e7\u00fck \u015fah\u0131slar yap\u0131lan operasyonla olayda kullan\u0131lan 1 adet tabanca ve tabancaya ait 3 adet fi\u015fek ile birlikte yakaland\u0131. Haklar\u0131nda Kasten \u00d6ld\u00fcrmeye Te\u015febb\u00fcs, Genel G\u00fcvenli\u011fin Kasten Tehlikeye Sokulmas\u0131 ve 6136 Say\u0131l \u0131 Kanuna Muhalefet su\u00e7lar\u0131ndan i\u015flem yap\u0131ld\u0131. G.Y. isimli \u015fah\u0131s sevk edildi\u011fi adli makamlarca tutuklanarak cezaevine teslim edildi.<br \/><\/p>\n","protected":false},"excerpt":{"rendered":"<p>Ayd\u0131n\u2019\u0131n Nazilli il\u00e7esinde bir eve silahla ate\u015f eden \u015fah\u0131slar polisin yapt\u0131\u011f\u0131 \u00e7al\u0131\u015fma ile yakaland\u0131. Edinilen bilgiye g\u00f6re, 2 Ocak tarihinde \u015eirinevler Mahallesi\u2019nde bulunan bir ikametin ate\u015fli silahla kur\u015funlanmas\u0131 olay\u0131 ile ilgili Nazilli \u0130l\u00e7e Emniyet M\u00fcd\u00fcrl\u00fc\u011f\u00fc ekipleri taraf\u0131ndan \u00e7al\u0131\u015fma ba\u015flat\u0131ld\u0131. Yap\u0131lan \u00e7al\u0131\u015fmalarda, meydana gelen olay\u0131n failleri oldu\u011fu tespit edilen G.Y. ve M.A. isimli ya\u015f\u0131 k\u00fc\u00e7\u00fck \u015fah\u0131slar&#8230;<\/p>\n","protected":false},"author":1,"featured_media":78858,"comment_status":"open","ping_status":"open","sticky":false,"template":"","format":"standard","meta":{"_crdt_document":"","footnotes":""},"categories":[5],"tags":[],"class_list":["post-78857","post","type-post","status-publish","format-standard","has-post-thumbnail","hentry","category-asayis"],"_links":{"self":[{"href":"https:\/\/www.egemtv.com\/index.php?rest_route=\/wp\/v2\/posts\/78857","targetHints":{"allow":["GET"]}}],"collection":[{"href":"https:\/\/www.egemtv.com\/index.php?rest_route=\/wp\/v2\/posts"}],"about":[{"href":"https:\/\/www.egemtv.com\/index.php?rest_route=\/wp\/v2\/types\/post"}],"author":[{"embeddable":true,"href":"https:\/\/www.egemtv.com\/index.php?rest_route=\/wp\/v2\/users\/1"}],"replies":[{"embeddable":true,"href":"https:\/\/www.egemtv.com\/index.php?rest_route=%2Fwp%2Fv2%2Fcomments&post=78857"}],"version-history":[{"count":1,"href":"https:\/\/www.egemtv.com\/index.php?rest_route=\/wp\/v2\/posts\/78857\/revisions"}],"predecessor-version":[{"id":78859,"href":"https:\/\/www.egemtv.com\/index.php?rest_route=\/wp\/v2\/posts\/78857\/revisions\/78859"}],"wp:featuredmedia":[{"embeddable":true,"href":"https:\/\/www.egemtv.com\/index.php?rest_route=\/wp\/v2\/media\/78858"}],"wp:attachment":[{"href":"https:\/\/www.egemtv.com\/index.php?rest_route=%2Fwp%2Fv2%2Fmedia&parent=78857"}],"wp:term":[{"taxonomy":"category","embeddable":true,"href":"https:\/\/www.egemtv.com\/index.php?rest_route=%2Fwp%2Fv2%2Fcategories&post=78857"},{"taxonomy":"post_tag","embeddable":true,"href":"https:\/\/www.egemtv.com\/index.php?rest_route=%2Fwp%2Fv2%2Ftags&post=78857"}],"curies":[{"name":"wp","href":"https:\/\/api.w.org\/{rel}","templated":true}]}}