{"id":78854,"date":"2026-01-06T12:54:44","date_gmt":"2026-01-06T09:54:44","guid":{"rendered":"https:\/\/www.egemtv.com\/?p=78854"},"modified":"2026-01-06T12:54:45","modified_gmt":"2026-01-06T09:54:45","slug":"karisini-basindan-vurup-kaza-susu-vermisti-internette-silah-aradigi-ortaya-cikti","status":"publish","type":"post","link":"https:\/\/www.egemtv.com\/?p=78854","title":{"rendered":"Kar\u0131s\u0131n\u0131 ba\u015f\u0131ndan vurup kaza s\u00fcs\u00fc vermi\u015fti, internette silah arad\u0131\u011f\u0131 ortaya \u00e7\u0131kt\u0131"},"content":{"rendered":"<p>Ayd\u0131n\u2019\u0131n Germencik il\u00e7esinde e\u015fi Derya Bu\u00e7an\u2019\u0131 (28) ba\u015f\u0131ndan silahla \u00f6ld\u00fcren ve ard\u0131ndan trafik kazas\u0131 s\u00fcs\u00fc veren R\u0131dvan Bu\u00e7an (34) hakk\u0131nda tasarlayarak \u00f6ld\u00fcrme su\u00e7undan a\u011f\u0131rla\u015ft\u0131r\u0131lm\u0131\u015f m\u00fcebbet hapis istemiyle haz\u0131rlanan iddianame tamamlan\u0131rken, Bu\u00e7an\u2019\u0131n olaydan 3 g\u00fcn \u00f6nce internette silah arad\u0131\u011f\u0131 ortaya \u00e7\u0131kt\u0131.<br \/>\n<br \/>Olay, Germencik il\u00e7esinde 20 Aral\u0131k 2024 Cuma g\u00fcn\u00fc Ayd\u0131n-\u0130zmir Otoyolu Selatin T\u00fcneli yak\u0131nlar\u0131nda meydana geldi. Edinilen bilgiye g\u00f6re, R\u0131dvan Bu\u00e7an, Derya Bu\u00e7an ve \u00e7ocuklar\u0131 D. Bu\u00e7an\u2019\u0131n i\u00e7erisinde bulundu\u011fu 09 EB 225 plakal\u0131 otomobil hen\u00fcz bilinmeyen bir nedenle yol kenar\u0131ndaki bariyere \u00e7arparak kaza yapt\u0131. Kazada Derya Bu\u00e7an hayat\u0131n\u0131 kaybederken, e\u015fi R\u0131dvan Bu\u00e7an ve \u00e7ocuklar\u0131 D. Bu\u00e7an (6) ise yaralanm\u0131\u015ft\u0131. Kazayla ilgili ba\u015flat\u0131lan soru\u015fturma kapsam\u0131nda hayat\u0131n\u0131 kaybeden Derya Bu\u00e7an\u2019\u0131n \u0130zmir Adli T\u0131p Kurumu\u2019nda yap\u0131lan otopsi sonucunda ger\u00e7ek ortaya \u00e7\u0131kt\u0131. \u00c7\u0131kan sonuca g\u00f6re, Derya Bu\u00e7an\u2019\u0131n kaza nedeniyle de\u011fil, ba\u015f\u0131na isabet eden tek kur\u015funla hayat\u0131n\u0131 kaybetti\u011fi belirlenmi\u015f, R\u0131dvan Bu\u00e7an ise e\u015fini \u00f6ld\u00fcrd\u00fckten sonra olaya kaza s\u00fcs\u00fc verdi\u011fi iddias\u0131yla tutuklanarak cezaevine g\u00f6nderilmi\u015fti.<br \/>\n<br \/>Olayla ilgili y\u00fcr\u00fct\u00fclen soru\u015fturma kapsam\u0131nda S\u00f6ke Cumhuriyet Ba\u015fsavc\u0131l\u0131\u011f\u0131 taraf\u0131ndan R\u0131dvan Bu\u00e7an hakk\u0131nda haz\u0131rlanan iddianame tamamland\u0131. \u0130ddianamede Adli T\u0131p Kurumu\u2019ndan al\u0131nan rapor ile san\u0131k ve tan\u0131k ifadelerinin yer ald\u0131\u011f\u0131 \u00f6\u011frenilirken, tan\u0131k olarak dinlenen \u00e7ocuk D. Bu\u00e7an\u2019\u0131n ise olay g\u00fcn\u00fc babas\u0131n\u0131n elinde tabanca g\u00f6rd\u00fc\u011f\u00fcn\u00fc, patlama sesi duydu\u011funu ve sesin ard\u0131ndan annesinin oturdu\u011fu taraftaki camda kan g\u00f6rd\u00fc\u011f\u00fcn\u00fc ifade etti\u011fi bilgisine ula\u015f\u0131ld\u0131. San\u0131k R\u0131dvan Bu\u00e7an\u2019\u0131n da seyir esnas\u0131nda e\u015finin koltu\u011fun alt\u0131ndan \u00e7\u0131kard\u0131\u011f\u0131 silah\u0131 kafas\u0131na dayay\u0131p ate\u015fledi\u011fini iddia etti\u011fi \u00f6\u011frenildi. R\u0131dvan Bu\u00e7an savunmas\u0131n\u0131n devam\u0131nda &#8220;K\u0131z\u0131m arkada uyuyordu. E\u015fimin elindeki silah d\u00fc\u015ferken ben ald\u0131m. Doldur bo\u015falt yaparken tekrar ate\u015f ald\u0131. Silahtan \u00e7\u0131kan mermi sol kap\u0131ya geldi, daha sonra tabancay\u0131 sa\u011f taraftaki camdan d\u0131\u015far\u0131 att\u0131m. Olay\u0131n \u015fokuyla otobana girdim, h\u0131zl\u0131 \u015fekilde ilerlerken \u00f6n\u00fcmden bir arac\u0131n ge\u00e7mesi \u00fczerine kaza yapt\u0131m. \u00dczerime at\u0131l\u0131 su\u00e7lamay\u0131 kabul etmiyorum&#8221; dedi.<\/p>\n<p>Olaydan \u00f6nce silah aram\u0131\u015f<br \/>\n<br \/>Olayla ilgili tamamlanan iddianamede, san\u0131\u011f\u0131n savunmas\u0131n\u0131n dosyadaki somut delillerle uyumlu olmad\u0131\u011f\u0131na dikkat \u00e7ekilirken, at\u0131\u015f mesafesinin en az 40 santimetre oldu\u011funa ve san\u0131\u011f\u0131n telefonundaki incelemelerde olaydan 3 g\u00fcn \u00f6nce internette silah arad\u0131\u011f\u0131n\u0131n tespit edildi\u011fine yer verildi. \u0130ddianamede, &#8220;San\u0131\u011f\u0131n aralar\u0131nda husumet bulunan maktul\u00fc \u00f6nceden \u00f6ld\u00fcrmeye karar vererek olay g\u00fcn\u00fcnden minimum 3 g\u00fcn \u00f6ncesinden silah aray\u0131\u015f\u0131na girdi\u011fi, silah\u0131 bulduktan sonra olay g\u00fcn\u00fc silah\u0131 gizlice araca gizledi\u011fi ve ara\u00e7la seyir halindeyken \u00f6nceden planlad\u0131\u011f\u0131 \u00fczere maktul\u00fcn uyudu\u011fu s\u0131rada tabancay\u0131 gizledi\u011fi yerden \u00e7\u0131kar\u0131p Derya B\u2019yi ba\u015f b\u00f6lgesinden vurarak \u00f6ld\u00fcrd\u00fc\u011f\u00fc anla\u015f\u0131lmaktad\u0131r&#8221; ifadeleri yer ald\u0131.<br \/>\n<br \/>S\u00f6ke A\u011f\u0131r Ceza Mahkemesince kabul edilen iddianamede, san\u0131k hakk\u0131nda e\u015fe ve kad\u0131na kar\u015f\u0131 tasarlayarak \u00f6ld\u00fcrme su\u00e7undan a\u011f\u0131rla\u015ft\u0131r\u0131lm\u0131\u015f m\u00fcebbet hapis cezas\u0131, \u00e7ocu\u011funu kasten \u00f6ld\u00fcrmeye te\u015febb\u00fcsten de 14 y\u0131ldan 21 y\u0131la kadar hapis cezas\u0131 istemiyle dava a\u00e7\u0131ld\u0131.<br \/><\/p>\n","protected":false},"excerpt":{"rendered":"<p>Ayd\u0131n\u2019\u0131n Germencik il\u00e7esinde e\u015fi Derya Bu\u00e7an\u2019\u0131 (28) ba\u015f\u0131ndan silahla \u00f6ld\u00fcren ve ard\u0131ndan trafik kazas\u0131 s\u00fcs\u00fc veren R\u0131dvan Bu\u00e7an (34) hakk\u0131nda tasarlayarak \u00f6ld\u00fcrme su\u00e7undan a\u011f\u0131rla\u015ft\u0131r\u0131lm\u0131\u015f m\u00fcebbet hapis istemiyle haz\u0131rlanan iddianame tamamlan\u0131rken, Bu\u00e7an\u2019\u0131n olaydan 3 g\u00fcn \u00f6nce internette silah arad\u0131\u011f\u0131 ortaya \u00e7\u0131kt\u0131. Olay, Germencik il\u00e7esinde 20 Aral\u0131k 2024 Cuma g\u00fcn\u00fc Ayd\u0131n-\u0130zmir Otoyolu Selatin T\u00fcneli yak\u0131nlar\u0131nda meydana geldi&#8230;.<\/p>\n","protected":false},"author":1,"featured_media":78855,"comment_status":"open","ping_status":"open","sticky":false,"template":"","format":"standard","meta":{"_crdt_document":"","footnotes":""},"categories":[5],"tags":[],"class_list":["post-78854","post","type-post","status-publish","format-standard","has-post-thumbnail","hentry","category-asayis"],"_links":{"self":[{"href":"https:\/\/www.egemtv.com\/index.php?rest_route=\/wp\/v2\/posts\/78854","targetHints":{"allow":["GET"]}}],"collection":[{"href":"https:\/\/www.egemtv.com\/index.php?rest_route=\/wp\/v2\/posts"}],"about":[{"href":"https:\/\/www.egemtv.com\/index.php?rest_route=\/wp\/v2\/types\/post"}],"author":[{"embeddable":true,"href":"https:\/\/www.egemtv.com\/index.php?rest_route=\/wp\/v2\/users\/1"}],"replies":[{"embeddable":true,"href":"https:\/\/www.egemtv.com\/index.php?rest_route=%2Fwp%2Fv2%2Fcomments&post=78854"}],"version-history":[{"count":1,"href":"https:\/\/www.egemtv.com\/index.php?rest_route=\/wp\/v2\/posts\/78854\/revisions"}],"predecessor-version":[{"id":78856,"href":"https:\/\/www.egemtv.com\/index.php?rest_route=\/wp\/v2\/posts\/78854\/revisions\/78856"}],"wp:featuredmedia":[{"embeddable":true,"href":"https:\/\/www.egemtv.com\/index.php?rest_route=\/wp\/v2\/media\/78855"}],"wp:attachment":[{"href":"https:\/\/www.egemtv.com\/index.php?rest_route=%2Fwp%2Fv2%2Fmedia&parent=78854"}],"wp:term":[{"taxonomy":"category","embeddable":true,"href":"https:\/\/www.egemtv.com\/index.php?rest_route=%2Fwp%2Fv2%2Fcategories&post=78854"},{"taxonomy":"post_tag","embeddable":true,"href":"https:\/\/www.egemtv.com\/index.php?rest_route=%2Fwp%2Fv2%2Ftags&post=78854"}],"curies":[{"name":"wp","href":"https:\/\/api.w.org\/{rel}","templated":true}]}}