{"id":78851,"date":"2026-01-06T12:34:56","date_gmt":"2026-01-06T09:34:56","guid":{"rendered":"https:\/\/www.egemtv.com\/?p=78851"},"modified":"2026-01-06T12:34:57","modified_gmt":"2026-01-06T09:34:57","slug":"salihlide-2026-yili-yatirimlari-masaya-yatirildi","status":"publish","type":"post","link":"https:\/\/www.egemtv.com\/?p=78851","title":{"rendered":"Salihli\u2019de 2026 y\u0131l\u0131 yat\u0131r\u0131mlar\u0131 masaya yat\u0131r\u0131ld\u0131"},"content":{"rendered":"<p>Manisa\u2019n\u0131n Salihli il\u00e7e Kaymakam\u0131 Ali G\u00fcldo\u011fan ba\u015fkanl\u0131\u011f\u0131nda, ilgili kurum amirlerinin kat\u0131l\u0131m\u0131yla 2026 y\u0131l\u0131n\u0131n ilk Yat\u0131r\u0131m \u0130zleme Toplant\u0131s\u0131 ger\u00e7ekle\u015ftirildi.<br \/>\n<br \/>Toplant\u0131da, Salihli\u2019de kamu kurumlar\u0131 taraf\u0131ndan y\u00fcr\u00fct\u00fclen ve planlanan yat\u0131r\u0131mlar, sunulan kamu hizmetleri ile devam eden projeler kapsaml\u0131 \u015fekilde ele al\u0131nd\u0131. Yat\u0131r\u0131mlar\u0131n mevcut durumu de\u011ferlendirilirken, kurumlar aras\u0131 koordinasyonun g\u00fc\u00e7lendirilmesi, belirlenen hedefler ve 2026 y\u0131l\u0131 planlamalar\u0131 do\u011frultusunda \u00f6n\u00fcm\u00fczdeki d\u00f6nemde yap\u0131lmas\u0131 planlanan \u00e7al\u0131\u015fmalar g\u00f6r\u00fc\u015f\u00fcld\u00fc.<br \/>\n<br \/>Toplant\u0131n\u0131n \u00f6nemli g\u00fcndem maddeleri aras\u0131nda, il\u00e7ede hayata ge\u00e7irilmesi planlanan Organize Tar\u0131m B\u00f6lgesi (OTB) projeleri yer ald\u0131. OTB ile birlikte tar\u0131msal \u00fcretimin geli\u015ftirilmesi, istihdam\u0131n art\u0131r\u0131lmas\u0131 ve s\u00fcrd\u00fcr\u00fclebilir tar\u0131m uygulamalar\u0131n\u0131n yayg\u0131nla\u015ft\u0131r\u0131lmas\u0131 hedeflendi.<br \/>\n<br \/>Ayr\u0131ca, sosyal devlet anlay\u0131\u015f\u0131 \u00e7er\u00e7evesinde planlanan Aile Destek Merkezi (ADEM) projeleri ile \u00e7ocuklar ve gen\u00e7ler ba\u015fta olmak \u00fczere toplumun her kesimine y\u00f6nelik uygulanmas\u0131 planlanan Salihli E\u011fitime Destek Projesi (SEDEP) hakk\u0131nda da de\u011ferlendirmeler yap\u0131ld\u0131.<br \/>\n<br \/>Toplant\u0131, kurumlar aras\u0131 i\u015f birli\u011finin art\u0131r\u0131lmas\u0131 ve yat\u0131r\u0131mlar\u0131n daha etkin \u015fekilde hayata ge\u00e7irilmesi ad\u0131na yap\u0131lacak \u00e7al\u0131\u015fmalar\u0131n belirlenmesiyle sona erdi.<br \/><\/p>\n","protected":false},"excerpt":{"rendered":"<p>Manisa\u2019n\u0131n Salihli il\u00e7e Kaymakam\u0131 Ali G\u00fcldo\u011fan ba\u015fkanl\u0131\u011f\u0131nda, ilgili kurum amirlerinin kat\u0131l\u0131m\u0131yla 2026 y\u0131l\u0131n\u0131n ilk Yat\u0131r\u0131m \u0130zleme Toplant\u0131s\u0131 ger\u00e7ekle\u015ftirildi. Toplant\u0131da, Salihli\u2019de kamu kurumlar\u0131 taraf\u0131ndan y\u00fcr\u00fct\u00fclen ve planlanan yat\u0131r\u0131mlar, sunulan kamu hizmetleri ile devam eden projeler kapsaml\u0131 \u015fekilde ele al\u0131nd\u0131. Yat\u0131r\u0131mlar\u0131n mevcut durumu de\u011ferlendirilirken, kurumlar aras\u0131 koordinasyonun g\u00fc\u00e7lendirilmesi, belirlenen hedefler ve 2026 y\u0131l\u0131 planlamalar\u0131 do\u011frultusunda \u00f6n\u00fcm\u00fczdeki d\u00f6nemde&#8230;<\/p>\n","protected":false},"author":1,"featured_media":78852,"comment_status":"open","ping_status":"open","sticky":false,"template":"","format":"standard","meta":{"_crdt_document":"","footnotes":""},"categories":[125],"tags":[],"class_list":["post-78851","post","type-post","status-publish","format-standard","has-post-thumbnail","hentry","category-ekonomi"],"_links":{"self":[{"href":"https:\/\/www.egemtv.com\/index.php?rest_route=\/wp\/v2\/posts\/78851","targetHints":{"allow":["GET"]}}],"collection":[{"href":"https:\/\/www.egemtv.com\/index.php?rest_route=\/wp\/v2\/posts"}],"about":[{"href":"https:\/\/www.egemtv.com\/index.php?rest_route=\/wp\/v2\/types\/post"}],"author":[{"embeddable":true,"href":"https:\/\/www.egemtv.com\/index.php?rest_route=\/wp\/v2\/users\/1"}],"replies":[{"embeddable":true,"href":"https:\/\/www.egemtv.com\/index.php?rest_route=%2Fwp%2Fv2%2Fcomments&post=78851"}],"version-history":[{"count":1,"href":"https:\/\/www.egemtv.com\/index.php?rest_route=\/wp\/v2\/posts\/78851\/revisions"}],"predecessor-version":[{"id":78853,"href":"https:\/\/www.egemtv.com\/index.php?rest_route=\/wp\/v2\/posts\/78851\/revisions\/78853"}],"wp:featuredmedia":[{"embeddable":true,"href":"https:\/\/www.egemtv.com\/index.php?rest_route=\/wp\/v2\/media\/78852"}],"wp:attachment":[{"href":"https:\/\/www.egemtv.com\/index.php?rest_route=%2Fwp%2Fv2%2Fmedia&parent=78851"}],"wp:term":[{"taxonomy":"category","embeddable":true,"href":"https:\/\/www.egemtv.com\/index.php?rest_route=%2Fwp%2Fv2%2Fcategories&post=78851"},{"taxonomy":"post_tag","embeddable":true,"href":"https:\/\/www.egemtv.com\/index.php?rest_route=%2Fwp%2Fv2%2Ftags&post=78851"}],"curies":[{"name":"wp","href":"https:\/\/api.w.org\/{rel}","templated":true}]}}