{"id":78848,"date":"2026-01-06T12:34:55","date_gmt":"2026-01-06T09:34:55","guid":{"rendered":"https:\/\/www.egemtv.com\/?p=78848"},"modified":"2026-01-06T12:34:56","modified_gmt":"2026-01-06T09:34:56","slug":"somaspordan-kadroya-3-takviye","status":"publish","type":"post","link":"https:\/\/www.egemtv.com\/?p=78848","title":{"rendered":"Somaspor\u2019dan kadroya 3 takviye"},"content":{"rendered":"<p>Manisa\u2019n\u0131n Nesine 2. Lig K\u0131rm\u0131z\u0131 Gruptaki temsilcisi Somaspor Kul\u00fcb\u00fc, Hakan Bar\u0131\u015f, Nam\u0131k Bar\u0131\u015f \u00c7elik ve Emre Sa\u011fl\u0131k\u2019\u0131 transfer ettiklerini a\u00e7\u0131klad\u0131.<br \/>\n<br \/>Nesine 2. Lig K\u0131rm\u0131z\u0131 Grup\u2019ta d\u00fc\u015fme potas\u0131nda yer alan Somaspor 3 isimle anla\u015fma sa\u011flad\u0131. Somaspor daha \u00f6nce Manisaspor ve Manisa FK formalar\u0131n\u0131 da giyen 31 ya\u015f\u0131ndaki orta saha oyuncusu Hakan Bar\u0131\u015f ile anla\u015fmaya vard\u0131. Almanya do\u011fumlu olan ve futbola FC T\u00fcrk Sport Bielefeld altyap\u0131s\u0131nda ba\u015flayan Bar\u0131\u015f, Dardanelspor ile ba\u015flad\u0131\u011f\u0131 T\u00fcrkiye ser\u00fcvenine Manisaspor ile devam etmi\u015f ve bir \u00e7ok kul\u00fcpte yer alm\u0131\u015ft\u0131. T\u00fcrkiye\u2019de en son Kar\u015f\u0131yaka formas\u0131 giyen Bar\u0131\u015f daha sonra futbola ba\u015flad\u0131\u011f\u0131 FC T\u00fcrk Sport Bielefeld tak\u0131m\u0131na transfer olmu\u015ftu. Bar\u0131\u015f yapt\u0131\u011f\u0131 anla\u015fma ile yeniden T\u00fcrkiye liglerine geri d\u00f6nm\u00fc\u015f oldu.<br \/>\n<br \/>Somaspor 3. Lig ekibi Kar\u015f\u0131yaka\u2019dan da kanat oyuncusu Nam\u0131k Bar\u0131\u015f \u00c7elik ile anla\u015fmaya vard\u0131. 27 ya\u015f\u0131ndaki \u00c7elik Kar\u015f\u0131yaka formas\u0131yla \u00e7\u0131kt\u0131\u011f\u0131 9 ma\u00e7ta bir asist ile tak\u0131m\u0131na katk\u0131 sa\u011flad\u0131.<br \/>\n<br \/>Somaspor 3. transferini ise Erzincanspor\u2019dan ayr\u0131ld\u0131ktan sonra kul\u00fcps\u00fcz kalan sa\u011f bek oyuncusu Emre Sa\u011fl\u0131k ile anla\u015farak ger\u00e7ekle\u015ftirdi.<br \/>\n<br \/>Somaspor Kul\u00fcb\u00fcnden yap\u0131lan a\u00e7\u0131klamada, &#8220;Kul\u00fcb\u00fcm\u00fcze \u00f6nemli hizmetlerde bulunaca\u011f\u0131na inand\u0131\u011f\u0131m\u0131z Hakan Bar\u0131\u015f, Nam\u0131k Bar\u0131\u015f \u00c7elik ve Emre Sa\u011fl\u0131k\u2019a \u015fanl\u0131 formam\u0131z ile \u00fcst\u00fcn ba\u015far\u0131lar dileriz.&#8221; ifadeleri kullan\u0131larak transferler duyuruldu.<br \/><\/p>\n","protected":false},"excerpt":{"rendered":"<p>Manisa\u2019n\u0131n Nesine 2. Lig K\u0131rm\u0131z\u0131 Gruptaki temsilcisi Somaspor Kul\u00fcb\u00fc, Hakan Bar\u0131\u015f, Nam\u0131k Bar\u0131\u015f \u00c7elik ve Emre Sa\u011fl\u0131k\u2019\u0131 transfer ettiklerini a\u00e7\u0131klad\u0131. Nesine 2. Lig K\u0131rm\u0131z\u0131 Grup\u2019ta d\u00fc\u015fme potas\u0131nda yer alan Somaspor 3 isimle anla\u015fma sa\u011flad\u0131. Somaspor daha \u00f6nce Manisaspor ve Manisa FK formalar\u0131n\u0131 da giyen 31 ya\u015f\u0131ndaki orta saha oyuncusu Hakan Bar\u0131\u015f ile anla\u015fmaya vard\u0131. Almanya&#8230;<\/p>\n","protected":false},"author":1,"featured_media":78849,"comment_status":"open","ping_status":"open","sticky":false,"template":"","format":"standard","meta":{"_crdt_document":"","footnotes":""},"categories":[4],"tags":[],"class_list":["post-78848","post","type-post","status-publish","format-standard","has-post-thumbnail","hentry","category-spor"],"_links":{"self":[{"href":"https:\/\/www.egemtv.com\/index.php?rest_route=\/wp\/v2\/posts\/78848","targetHints":{"allow":["GET"]}}],"collection":[{"href":"https:\/\/www.egemtv.com\/index.php?rest_route=\/wp\/v2\/posts"}],"about":[{"href":"https:\/\/www.egemtv.com\/index.php?rest_route=\/wp\/v2\/types\/post"}],"author":[{"embeddable":true,"href":"https:\/\/www.egemtv.com\/index.php?rest_route=\/wp\/v2\/users\/1"}],"replies":[{"embeddable":true,"href":"https:\/\/www.egemtv.com\/index.php?rest_route=%2Fwp%2Fv2%2Fcomments&post=78848"}],"version-history":[{"count":1,"href":"https:\/\/www.egemtv.com\/index.php?rest_route=\/wp\/v2\/posts\/78848\/revisions"}],"predecessor-version":[{"id":78850,"href":"https:\/\/www.egemtv.com\/index.php?rest_route=\/wp\/v2\/posts\/78848\/revisions\/78850"}],"wp:featuredmedia":[{"embeddable":true,"href":"https:\/\/www.egemtv.com\/index.php?rest_route=\/wp\/v2\/media\/78849"}],"wp:attachment":[{"href":"https:\/\/www.egemtv.com\/index.php?rest_route=%2Fwp%2Fv2%2Fmedia&parent=78848"}],"wp:term":[{"taxonomy":"category","embeddable":true,"href":"https:\/\/www.egemtv.com\/index.php?rest_route=%2Fwp%2Fv2%2Fcategories&post=78848"},{"taxonomy":"post_tag","embeddable":true,"href":"https:\/\/www.egemtv.com\/index.php?rest_route=%2Fwp%2Fv2%2Ftags&post=78848"}],"curies":[{"name":"wp","href":"https:\/\/api.w.org\/{rel}","templated":true}]}}