{"id":78845,"date":"2026-01-06T12:14:39","date_gmt":"2026-01-06T09:14:39","guid":{"rendered":"https:\/\/www.egemtv.com\/?p=78845"},"modified":"2026-01-06T12:14:40","modified_gmt":"2026-01-06T09:14:40","slug":"dagda-mahsur-kalan-keci-ekipler-tarafindan-kurtarildi","status":"publish","type":"post","link":"https:\/\/www.egemtv.com\/?p=78845","title":{"rendered":"Da\u011fda mahsur kalan ke\u00e7i ekipler taraf\u0131ndan kurtar\u0131ld\u0131"},"content":{"rendered":"<p>Burdur\u2019un Bucak il\u00e7esinde da\u011fl\u0131k alanda mahsur kalan gebe ke\u00e7i, ekipler taraf\u0131ndan kurtar\u0131larak sahibine teslim edildi.<br \/>\n<br \/>Olay, d\u00fcn Bucak il\u00e7esine ba\u011fl\u0131 K\u0131z\u0131lkaya beldesi Yuva Mahallesi\u2019nde meydana geldi. Edinilen bilgiye g\u00f6re, gebe bir ke\u00e7inin da\u011fl\u0131k ve sarp arazide 4 g\u00fcnd\u00fcr mahsur kald\u0131\u011f\u0131 ihbar\u0131 \u00fczerine Burdur \u0130l Afet ve Acil Durum M\u00fcd\u00fcrl\u00fc\u011f\u00fc (AFAD) ekibi b\u00f6lgeye intikal etti. Ekipler taraf\u0131ndan yap\u0131lan titiz \u00e7al\u0131\u015fman\u0131n ard\u0131ndan ke\u00e7i g\u00fcvenli \u015fekilde mahsur kald\u0131\u011f\u0131 yerden kurtar\u0131larak, sahibine teslim edildi.<br \/><\/p>\n","protected":false},"excerpt":{"rendered":"<p>Burdur\u2019un Bucak il\u00e7esinde da\u011fl\u0131k alanda mahsur kalan gebe ke\u00e7i, ekipler taraf\u0131ndan kurtar\u0131larak sahibine teslim edildi. Olay, d\u00fcn Bucak il\u00e7esine ba\u011fl\u0131 K\u0131z\u0131lkaya beldesi Yuva Mahallesi\u2019nde meydana geldi. Edinilen bilgiye g\u00f6re, gebe bir ke\u00e7inin da\u011fl\u0131k ve sarp arazide 4 g\u00fcnd\u00fcr mahsur kald\u0131\u011f\u0131 ihbar\u0131 \u00fczerine Burdur \u0130l Afet ve Acil Durum M\u00fcd\u00fcrl\u00fc\u011f\u00fc (AFAD) ekibi b\u00f6lgeye intikal etti. Ekipler&#8230;<\/p>\n","protected":false},"author":1,"featured_media":78846,"comment_status":"open","ping_status":"open","sticky":false,"template":"","format":"standard","meta":{"_crdt_document":"","footnotes":""},"categories":[5],"tags":[],"class_list":["post-78845","post","type-post","status-publish","format-standard","has-post-thumbnail","hentry","category-asayis"],"_links":{"self":[{"href":"https:\/\/www.egemtv.com\/index.php?rest_route=\/wp\/v2\/posts\/78845","targetHints":{"allow":["GET"]}}],"collection":[{"href":"https:\/\/www.egemtv.com\/index.php?rest_route=\/wp\/v2\/posts"}],"about":[{"href":"https:\/\/www.egemtv.com\/index.php?rest_route=\/wp\/v2\/types\/post"}],"author":[{"embeddable":true,"href":"https:\/\/www.egemtv.com\/index.php?rest_route=\/wp\/v2\/users\/1"}],"replies":[{"embeddable":true,"href":"https:\/\/www.egemtv.com\/index.php?rest_route=%2Fwp%2Fv2%2Fcomments&post=78845"}],"version-history":[{"count":1,"href":"https:\/\/www.egemtv.com\/index.php?rest_route=\/wp\/v2\/posts\/78845\/revisions"}],"predecessor-version":[{"id":78847,"href":"https:\/\/www.egemtv.com\/index.php?rest_route=\/wp\/v2\/posts\/78845\/revisions\/78847"}],"wp:featuredmedia":[{"embeddable":true,"href":"https:\/\/www.egemtv.com\/index.php?rest_route=\/wp\/v2\/media\/78846"}],"wp:attachment":[{"href":"https:\/\/www.egemtv.com\/index.php?rest_route=%2Fwp%2Fv2%2Fmedia&parent=78845"}],"wp:term":[{"taxonomy":"category","embeddable":true,"href":"https:\/\/www.egemtv.com\/index.php?rest_route=%2Fwp%2Fv2%2Fcategories&post=78845"},{"taxonomy":"post_tag","embeddable":true,"href":"https:\/\/www.egemtv.com\/index.php?rest_route=%2Fwp%2Fv2%2Ftags&post=78845"}],"curies":[{"name":"wp","href":"https:\/\/api.w.org\/{rel}","templated":true}]}}