{"id":78842,"date":"2026-01-06T12:14:38","date_gmt":"2026-01-06T09:14:38","guid":{"rendered":"https:\/\/www.egemtv.com\/?p=78842"},"modified":"2026-01-06T12:14:39","modified_gmt":"2026-01-06T09:14:39","slug":"egiaddan-sosyal-guvenlik-ve-is-hukukunda-2026-perspektifi-semineri","status":"publish","type":"post","link":"https:\/\/www.egemtv.com\/?p=78842","title":{"rendered":"EG\u0130AD\u2019dan \u2019Sosyal G\u00fcvenlik ve \u0130\u015f Hukukunda 2026 Perspektifi\u2019 semineri"},"content":{"rendered":"<p>Ege Gen\u00e7 \u0130\u015f \u0130nsanlar\u0131 Derne\u011fi (EG\u0130AD), sosyal g\u00fcvenlik ve i\u015f hukuku alan\u0131nda y\u00fcr\u00fcrl\u00fc\u011fe giren yeni d\u00fczenlemeleri i\u015f d\u00fcnyas\u0131n\u0131n g\u00fcndemine ta\u015f\u0131d\u0131. &#8220;2026 Y\u0131l\u0131 Sosyal G\u00fcvenlik &amp; \u0130\u015f Hukuku D\u00fczenlemeleri ve \u0130K Uygulamalar\u0131&#8221; ba\u015fl\u0131kl\u0131 seminer, dernek merkezinde yo\u011fun kat\u0131l\u0131mla ger\u00e7ekle\u015ftirildi.<br \/>\n<br \/>Final Dan\u0131\u015fmanl\u0131k Kurucu Orta\u011f\u0131, SGK Eski Ba\u015fm\u00fcfetti\u015fi ve Ankara, \u0130zmir ile Manisa SGK Eski \u0130l M\u00fcd\u00fcr\u00fc Yavuz Kurt\u2019un kat\u0131l\u0131m\u0131yla d\u00fczenlenen seminerde; 2026 y\u0131l\u0131 itibar\u0131yla y\u00fcr\u00fcrl\u00fc\u011fe giren mevzuat de\u011fi\u015fiklikleri, istihdam te\u015fviklerindeki d\u00f6n\u00fc\u015f\u00fcm, tamamlay\u0131c\u0131 emeklilik sisteminin i\u015fverenlere etkileri, sigorta primleri ve idari para cezalar\u0131na ili\u015fkin g\u00fcncel uygulamalar kapsaml\u0131 bi\u00e7imde ele al\u0131nd\u0131. Ayr\u0131ca yapay zek\u00e2 ve dijitalle\u015fmenin \u00e7al\u0131\u015fma hayat\u0131na yans\u0131malar\u0131 ile sa\u011fl\u0131k sekt\u00f6r\u00fcndeki geli\u015fmelerin sosyal g\u00fcvenlik boyutu da \u00e7ok y\u00f6nl\u00fc olarak de\u011ferlendirildi.<\/p>\n<p>Mevzuata uyum art\u0131k rekabet avantaj\u0131<br \/>\n<br \/>Seminerin a\u00e7\u0131l\u0131\u015f konu\u015fmas\u0131n\u0131 ger\u00e7ekle\u015ftiren EG\u0130AD Y\u00f6netim Kurulu Ba\u015fkan\u0131 Kaan \u00d6zhelvac\u0131, \u00e7al\u0131\u015fma hayat\u0131n\u0131n giderek daha karma\u015f\u0131k ve stratejik bir yap\u0131ya evrildi\u011fine dikkat \u00e7ekerek, 2026 y\u0131l\u0131yla birlikte devreye giren d\u00fczenlemelerin i\u015fverenler a\u00e7\u0131s\u0131ndan yaln\u0131zca yeni y\u00fck\u00fcml\u00fcl\u00fckler de\u011fil, do\u011fru y\u00f6netildi\u011finde \u00f6nemli rekabet avantajlar\u0131 da sundu\u011funu vurgulad\u0131. Ba\u015fkan konu\u015fmas\u0131nda; esnek \u00e7al\u0131\u015fma modelleri, uzaktan \u00e7al\u0131\u015fma ve yapay zek\u00e2 destekli s\u00fcre\u00e7lerin, sosyal g\u00fcvenlikten i\u015f hukukuna ve insan kaynaklar\u0131 y\u00f6netimine kadar pek \u00e7ok alanda k\u00f6kl\u00fc d\u00f6n\u00fc\u015f\u00fcmleri beraberinde getirdi\u011fini ifade etti.<\/p>\n<p>\u0130nsan kayna\u011f\u0131, hukuki g\u00fcvenlik ve kurumsal s\u00fcrd\u00fcr\u00fclebilirlik vurgusu<br \/>\n<br \/>EG\u0130AD olarak \u00fcyelerin yaln\u0131zca bug\u00fcn\u00fcn de\u011fil, yar\u0131n\u0131n \u00e7al\u0131\u015fma hayat\u0131na da haz\u0131rlanmas\u0131n\u0131 \u00f6nemsediklerini belirten \u00d6zhelvac\u0131, mevzuata uyumun art\u0131k bir zorunlulu\u011fun \u00f6tesinde kurumsal s\u00fcrd\u00fcr\u00fclebilirli\u011fin temel unsurlar\u0131ndan biri haline geldi\u011fini dile getirdi. Do\u011fru bilgiyle y\u00f6netilen insan kaynaklar\u0131 s\u00fcre\u00e7lerinin, i\u015fletmelere hukuki g\u00fcvenlik sa\u011flarken, y\u00f6neticilere de stratejik bir bak\u0131\u015f a\u00e7\u0131s\u0131 kazand\u0131rd\u0131\u011f\u0131n\u0131 vurgulad\u0131.<\/p>\n<p>&#8220;Art\u0131k sadece b\u00fcy\u00fcmek yetmiyor, \u00f6ng\u00f6rmek gerekiyor<br \/>\n<br \/>EG\u0130AD Y\u00f6netim Kurulu Ba\u015fkan\u0131 Kaan \u00d6zhelvac\u0131 \u015f\u00f6yle konu\u015ftu: &#8220;Bug\u00fcn \u00e7al\u0131\u015fma hayat\u0131; mevzuat de\u011fi\u015fiklikleri, dijitalle\u015fme, yapay zek\u00e2 uygulamalar\u0131 ve sosyal g\u00fcvenlik sistemlerindeki d\u00f6n\u00fc\u015f\u00fcmle birlikte hi\u00e7 olmad\u0131\u011f\u0131 kadar karma\u015f\u0131k, \u00e7ok boyutlu ve stratejik bir yap\u0131ya evrilmi\u015f durumda. \u00d6zellikle 2026 y\u0131l\u0131 itibar\u0131yla y\u00fcr\u00fcrl\u00fc\u011fe giren yeni d\u00fczenlemeler, i\u015fverenler a\u00e7\u0131s\u0131ndan yaln\u0131zca yeni y\u00fck\u00fcml\u00fcl\u00fckler de\u011fil; ayn\u0131 zamanda do\u011fru y\u00f6netildi\u011finde rekabet avantaj\u0131 yaratabilecek \u00f6nemli f\u0131rsatlar da bar\u0131nd\u0131r\u0131yor. Art\u0131k sadece \u00fcretmek ya da b\u00fcy\u00fcmek yetmiyor. Ayn\u0131 zamanda \u00f6ng\u00f6rmek, riskleri y\u00f6netmek ve insan kayna\u011f\u0131n\u0131 gelece\u011fe haz\u0131rlamak gerekiyor. Esnek \u00e7al\u0131\u015fma modelleri, uzaktan \u00e7al\u0131\u015fma, yapay zek\u00e2 destekli s\u00fcre\u00e7ler ve yeni nesil istihdam bi\u00e7imleri; sosyal g\u00fcvenlikten i\u015f hukukuna, insan kaynaklar\u0131 y\u00f6netiminden kurumsal sorumlulu\u011fa kadar pek \u00e7ok alan\u0131 do\u011frudan etkiliyor. Veriler bize g\u00f6steriyor ki, T\u00fcrkiye\u2019de i\u015f g\u00fcc\u00fcn\u00fcn \u00f6nemli bir b\u00f6l\u00fcm\u00fc art\u0131k klasik \u00e7al\u0131\u015fma modellerinin d\u0131\u015f\u0131nda istihdam ediliyor. Bu d\u00f6n\u00fc\u015f\u00fcm, i\u015fverenlerin SGK uygulamalar\u0131, te\u015fvik mekanizmalar\u0131, prim y\u00fck\u00fcml\u00fcl\u00fckleri ve denetim s\u00fcre\u00e7lerine \u00e7ok daha bilin\u00e7li ve proaktif yakla\u015fmas\u0131n\u0131 zorunlu k\u0131l\u0131yor. Aksi halde, iyi niyetle at\u0131lan ad\u0131mlar dahi ciddi yapt\u0131r\u0131mlarla kar\u015f\u0131 kar\u015f\u0131ya kalabiliyor. \u0130\u015fte tam da bu noktada; mevzuat\u0131n do\u011fru okunmas\u0131, g\u00fcncel uygulamalar\u0131n uzman isimlerden dinlenmesi ve insan kaynaklar\u0131 s\u00fcre\u00e7lerinin s\u00fcrd\u00fcr\u00fclebilir bir yakla\u015f\u0131mla y\u00f6netilmesi b\u00fcy\u00fck \u00f6nem ta\u015f\u0131yor.&#8221;<\/p>\n<p>\u0130K profesyonellerinden yo\u011fun ilgi<br \/>\n<br \/>Seminerde kat\u0131l\u0131mc\u0131lar, 7566 say\u0131l\u0131 yasa kapsam\u0131nda yap\u0131lan de\u011fi\u015fikliklerden denetim s\u00fcre\u00e7lerine, te\u015fvik mekanizmalar\u0131ndan risk y\u00f6netimine kadar pek \u00e7ok konuda g\u00fcncel ve uygulamaya d\u00f6n\u00fck bilgiler edinme f\u0131rsat\u0131 buldu. Etkinlik, \u00f6zellikle \u00fcye \u015firketlerin insan kaynaklar\u0131 profesyonelleri taraf\u0131ndan yo\u011fun ilgi g\u00f6rd\u00fc.<br \/><\/p>\n","protected":false},"excerpt":{"rendered":"<p>Ege Gen\u00e7 \u0130\u015f \u0130nsanlar\u0131 Derne\u011fi (EG\u0130AD), sosyal g\u00fcvenlik ve i\u015f hukuku alan\u0131nda y\u00fcr\u00fcrl\u00fc\u011fe giren yeni d\u00fczenlemeleri i\u015f d\u00fcnyas\u0131n\u0131n g\u00fcndemine ta\u015f\u0131d\u0131. &#8220;2026 Y\u0131l\u0131 Sosyal G\u00fcvenlik &amp; \u0130\u015f Hukuku D\u00fczenlemeleri ve \u0130K Uygulamalar\u0131&#8221; ba\u015fl\u0131kl\u0131 seminer, dernek merkezinde yo\u011fun kat\u0131l\u0131mla ger\u00e7ekle\u015ftirildi. Final Dan\u0131\u015fmanl\u0131k Kurucu Orta\u011f\u0131, SGK Eski Ba\u015fm\u00fcfetti\u015fi ve Ankara, \u0130zmir ile Manisa SGK Eski \u0130l M\u00fcd\u00fcr\u00fc Yavuz&#8230;<\/p>\n","protected":false},"author":1,"featured_media":78843,"comment_status":"open","ping_status":"open","sticky":false,"template":"","format":"standard","meta":{"_crdt_document":"","footnotes":""},"categories":[125],"tags":[],"class_list":["post-78842","post","type-post","status-publish","format-standard","has-post-thumbnail","hentry","category-ekonomi"],"_links":{"self":[{"href":"https:\/\/www.egemtv.com\/index.php?rest_route=\/wp\/v2\/posts\/78842","targetHints":{"allow":["GET"]}}],"collection":[{"href":"https:\/\/www.egemtv.com\/index.php?rest_route=\/wp\/v2\/posts"}],"about":[{"href":"https:\/\/www.egemtv.com\/index.php?rest_route=\/wp\/v2\/types\/post"}],"author":[{"embeddable":true,"href":"https:\/\/www.egemtv.com\/index.php?rest_route=\/wp\/v2\/users\/1"}],"replies":[{"embeddable":true,"href":"https:\/\/www.egemtv.com\/index.php?rest_route=%2Fwp%2Fv2%2Fcomments&post=78842"}],"version-history":[{"count":1,"href":"https:\/\/www.egemtv.com\/index.php?rest_route=\/wp\/v2\/posts\/78842\/revisions"}],"predecessor-version":[{"id":78844,"href":"https:\/\/www.egemtv.com\/index.php?rest_route=\/wp\/v2\/posts\/78842\/revisions\/78844"}],"wp:featuredmedia":[{"embeddable":true,"href":"https:\/\/www.egemtv.com\/index.php?rest_route=\/wp\/v2\/media\/78843"}],"wp:attachment":[{"href":"https:\/\/www.egemtv.com\/index.php?rest_route=%2Fwp%2Fv2%2Fmedia&parent=78842"}],"wp:term":[{"taxonomy":"category","embeddable":true,"href":"https:\/\/www.egemtv.com\/index.php?rest_route=%2Fwp%2Fv2%2Fcategories&post=78842"},{"taxonomy":"post_tag","embeddable":true,"href":"https:\/\/www.egemtv.com\/index.php?rest_route=%2Fwp%2Fv2%2Ftags&post=78842"}],"curies":[{"name":"wp","href":"https:\/\/api.w.org\/{rel}","templated":true}]}}