{"id":78839,"date":"2026-01-06T11:55:02","date_gmt":"2026-01-06T08:55:02","guid":{"rendered":"https:\/\/www.egemtv.com\/?p=78839"},"modified":"2026-01-06T11:55:03","modified_gmt":"2026-01-06T08:55:03","slug":"yenipazarin-arac-filosu-guclenmeye-devam-ediyor","status":"publish","type":"post","link":"https:\/\/www.egemtv.com\/?p=78839","title":{"rendered":"Yenipazar\u2019\u0131n ara\u00e7 filosu g\u00fc\u00e7lenmeye devam ediyor"},"content":{"rendered":"<p>Yenipazar Belediyesi\u2019nin ara\u00e7 filosuna kazand\u0131r\u0131lan 6 tonluk ekskavat\u00f6r\u00fcn, il\u00e7edeki hizmet \u00e7al\u0131\u015fmalar\u0131na h\u0131z katmas\u0131 beklenirken Belediye Ba\u015fkan\u0131 Malik Ercan, &#8220;Yenipazar\u2019\u0131m\u0131za daha \u00e7ok hizmet yapaca\u011f\u0131z&#8221; dedi.<\/p>\n<p>Yenipazar Belediyesi, il\u00e7e genelinde vatanda\u015flara daha h\u0131zl\u0131 ve etkin hizmet sunabilmek amac\u0131yla ara\u00e7 filosunu g\u00fc\u00e7lendirmeye devam ediyor. Bu kapsamda \u0130ller Bankas\u0131 taraf\u0131ndan sa\u011flanan krediyle belediye b\u00fcnyesine 6 tonluk ekskavat\u00f6r kazand\u0131r\u0131ld\u0131. Yenipazar Belediye Ba\u015fkan\u0131 Malik Ercan, yeni i\u015f makinesinin \u00e7ok yak\u0131nda hizmete ba\u015flayaca\u011f\u0131n\u0131 belirterek, belediyenin altyap\u0131 ve \u00fcstyap\u0131 \u00e7al\u0131\u015fmalar\u0131nda \u00f6nemli bir ihtiyac\u0131 kar\u015f\u0131layaca\u011f\u0131n\u0131 ifade etti.<\/p>\n<p>Ba\u015fkan Ercan, &#8220;Vatanda\u015flar\u0131m\u0131za daha h\u0131zl\u0131 hizmet edebilmek i\u00e7in ara\u00e7 filomuzu g\u00fc\u00e7lendirmeye devam ediyoruz. Ald\u0131\u011f\u0131m\u0131z ekskavat\u00f6rle Yenipazar\u2019\u0131m\u0131za daha fazla hizmet yapaca\u011f\u0131z&#8221; dedi. Yeni ekskavat\u00f6r\u00fcn \u00f6zellikle yol, altyap\u0131 ve bak\u0131m \u00e7al\u0131\u015fmalar\u0131nda aktif olarak kullan\u0131laca\u011f\u0131 belirtildi. Ba\u015fkan Ercan, yap\u0131lan yat\u0131r\u0131mlar\u0131n Yenipazar\u2019\u0131n geli\u015fimi ve ya\u015fam kalitesinin art\u0131r\u0131lmas\u0131 ad\u0131na devam edece\u011fini vurgulad\u0131.<br \/><\/p>\n","protected":false},"excerpt":{"rendered":"<p>Yenipazar Belediyesi\u2019nin ara\u00e7 filosuna kazand\u0131r\u0131lan 6 tonluk ekskavat\u00f6r\u00fcn, il\u00e7edeki hizmet \u00e7al\u0131\u015fmalar\u0131na h\u0131z katmas\u0131 beklenirken Belediye Ba\u015fkan\u0131 Malik Ercan, &#8220;Yenipazar\u2019\u0131m\u0131za daha \u00e7ok hizmet yapaca\u011f\u0131z&#8221; dedi. Yenipazar Belediyesi, il\u00e7e genelinde vatanda\u015flara daha h\u0131zl\u0131 ve etkin hizmet sunabilmek amac\u0131yla ara\u00e7 filosunu g\u00fc\u00e7lendirmeye devam ediyor. Bu kapsamda \u0130ller Bankas\u0131 taraf\u0131ndan sa\u011flanan krediyle belediye b\u00fcnyesine 6 tonluk ekskavat\u00f6r kazand\u0131r\u0131ld\u0131. Yenipazar&#8230;<\/p>\n","protected":false},"author":1,"featured_media":78840,"comment_status":"open","ping_status":"open","sticky":false,"template":"","format":"standard","meta":{"_crdt_document":"","footnotes":""},"categories":[1],"tags":[],"class_list":["post-78839","post","type-post","status-publish","format-standard","has-post-thumbnail","hentry","category-guncel"],"_links":{"self":[{"href":"https:\/\/www.egemtv.com\/index.php?rest_route=\/wp\/v2\/posts\/78839","targetHints":{"allow":["GET"]}}],"collection":[{"href":"https:\/\/www.egemtv.com\/index.php?rest_route=\/wp\/v2\/posts"}],"about":[{"href":"https:\/\/www.egemtv.com\/index.php?rest_route=\/wp\/v2\/types\/post"}],"author":[{"embeddable":true,"href":"https:\/\/www.egemtv.com\/index.php?rest_route=\/wp\/v2\/users\/1"}],"replies":[{"embeddable":true,"href":"https:\/\/www.egemtv.com\/index.php?rest_route=%2Fwp%2Fv2%2Fcomments&post=78839"}],"version-history":[{"count":1,"href":"https:\/\/www.egemtv.com\/index.php?rest_route=\/wp\/v2\/posts\/78839\/revisions"}],"predecessor-version":[{"id":78841,"href":"https:\/\/www.egemtv.com\/index.php?rest_route=\/wp\/v2\/posts\/78839\/revisions\/78841"}],"wp:featuredmedia":[{"embeddable":true,"href":"https:\/\/www.egemtv.com\/index.php?rest_route=\/wp\/v2\/media\/78840"}],"wp:attachment":[{"href":"https:\/\/www.egemtv.com\/index.php?rest_route=%2Fwp%2Fv2%2Fmedia&parent=78839"}],"wp:term":[{"taxonomy":"category","embeddable":true,"href":"https:\/\/www.egemtv.com\/index.php?rest_route=%2Fwp%2Fv2%2Fcategories&post=78839"},{"taxonomy":"post_tag","embeddable":true,"href":"https:\/\/www.egemtv.com\/index.php?rest_route=%2Fwp%2Fv2%2Ftags&post=78839"}],"curies":[{"name":"wp","href":"https:\/\/api.w.org\/{rel}","templated":true}]}}