{"id":78836,"date":"2026-01-06T11:55:01","date_gmt":"2026-01-06T08:55:01","guid":{"rendered":"https:\/\/www.egemtv.com\/?p=78836"},"modified":"2026-01-06T11:55:02","modified_gmt":"2026-01-06T08:55:02","slug":"datcada-kulaclar-kurakliga-karsi-atilacak","status":"publish","type":"post","link":"https:\/\/www.egemtv.com\/?p=78836","title":{"rendered":"Dat\u00e7a\u2019da kula\u00e7lar kurakl\u0131\u011fa kar\u015f\u0131 at\u0131lacak"},"content":{"rendered":"<p>Dat\u00e7a A\u00e7\u0131k Deniz K\u0131\u015f Y\u00fczme Maratonu, 20. y\u0131l\u0131nda 17 Ocak\u2019ta Dat\u00e7a\u2019n\u0131n berrak sular\u0131nda y\u00fczme tutkunlar\u0131n\u0131 bulu\u015fturacak.<\/p>\n<p>T\u00fcrk sporcular\u0131n yan\u0131 s\u0131ra yurt d\u0131\u015f\u0131ndan gelecek y\u00fcz\u00fcc\u00fclerin de kat\u0131l\u0131m\u0131yla yakla\u015f\u0131k 550 sporcunun yer alaca\u011f\u0131 20. Uluslararas\u0131 Dat\u00e7a A\u00e7\u0131k Deniz K\u0131\u015f Y\u00fczme Maratonu, 17 Ocak\u2019ta Dat\u00e7a\u2019da ger\u00e7ekle\u015ftirilecek. 14 ya\u015ftan 85 ya\u015f ve \u00fczeri sporcular\u0131n m\u00fccadele edece\u011fi organizasyonda y\u00fcz\u00fcc\u00fcler, &#8220;Kurakl\u0131\u011fa kar\u015f\u0131 kula\u00e7 at\u0131yoruz&#8221; temas\u0131yla Ta\u015fl\u0131k Plaj\u0131\u2019nda bin be\u015f y\u00fcz ve be\u015f bin metrelik parkurlarda kula\u00e7 atacak.<\/p>\n<p>Dat\u00e7a A\u00e7\u0131k Deniz Y\u00fczme Maratonu Komitesi taraf\u0131ndan hayata ge\u00e7irilen organizasyon, T\u00fcrkiye\u2019nin ilk k\u0131\u015f y\u00fczme maratonu olma \u00f6zelli\u011fini ta\u015f\u0131yor. Etkinlik; Dat\u00e7a Kaymakaml\u0131\u011f\u0131, Gen\u00e7lik ve Spor Bakanl\u0131\u011f\u0131, Mu\u011fla B\u00fcy\u00fck\u015fehir Belediyesi, Dat\u00e7a Spor Kul\u00fcb\u00fc, Mu\u011fla Ticaret ve Sanayi Odas\u0131 payda\u015fl\u0131\u011f\u0131nda d\u00fczenleniyor.<\/p>\n<p>Bu y\u0131l 20. kez d\u00fczenlenecek olan maratona g\u00f6sterilen yo\u011fun ilgi dikkat \u00e7ekti. 20. Uluslararas\u0131 Dat\u00e7a A\u00e7\u0131k Deniz K\u0131\u015f Y\u00fczme Maratonu\u2019nun \u00f6n kay\u0131t kontenjanlar\u0131 k\u0131sa s\u00fcrede dolarken, \u00f6n ba\u015fvurular\u0131n tamamland\u0131\u011f\u0131 duyuruldu.<\/p>\n<p>Bu y\u0131lki maratona yakla\u015f\u0131k 550 sporcunun kat\u0131lmas\u0131 \u00f6ng\u00f6r\u00fcl\u00fcyor. Ba\u015fvurular aras\u0131nda 353 erkek ve 167 kad\u0131n sporcu yer al\u0131yor. Kat\u0131l\u0131mc\u0131lar, 1500 metre ve 5 bin metre olmak \u00fczere iki farkl\u0131 parkurda m\u00fccadele edecek. K\u0131sa parkur i\u00e7in 361, uzun parkur i\u00e7in ise 159 sporcu kay\u0131t yapt\u0131rd\u0131.<\/p>\n<p>\u0130lk kez 2007 y\u0131l\u0131nda d\u00fczenlenen Dat\u00e7a A\u00e7\u0131k Deniz K\u0131\u015f Y\u00fczme Maratonu, ge\u00e7en 20 y\u0131l i\u00e7inde yaln\u0131zca bir spor etkinli\u011fi olman\u0131n \u00f6tesine ge\u00e7erek, Dat\u00e7a\u2019n\u0131n do\u011fayla uyumlu ya\u015fam k\u00fclt\u00fcr\u00fcn\u00fc yans\u0131tan bir gelenek haline geldi. T\u00fcrkiye\u2019nin d\u00f6rt bir yan\u0131ndan ve yurt d\u0131\u015f\u0131ndan gelen sporcular, Dat\u00e7a\u2019n\u0131n k\u0131\u015f g\u00fcne\u015fi ve sakin atmosferinde bu \u00f6zel deneyimi ya\u015fama f\u0131rsat\u0131 buluyor. T\u00fcrk vatanda\u015flar\u0131n\u0131n yan\u0131 s\u0131ra, organizasyona 6 Rus, 3 \u0130talyan, 1 \u0130svi\u00e7reli, 1 Kuzey \u0130rlandal\u0131, 1 Amerika Birle\u015fik Devletleri vatanda\u015f\u0131, 2 \u0130ngiliz, 20 Yunan, 2 Azerbaycan, 3 Suriyeli, 1 K\u0131rg\u0131z ve 1 \u0130spanyol sporcu kat\u0131lacak.  Maraton, 14 ya\u015f\u0131ndan 85 ya\u015f ve \u00fczeri sporculara kadar uzanan geni\u015f ya\u015f kategorileriyle dikkat \u00e7ekiyor. Bu y\u00f6n\u00fcyle organizasyon, sporun her ya\u015fta yap\u0131labilece\u011fini g\u00f6zler \u00f6n\u00fcne seren \u00f6nemli etkinliklerden biri olarak \u00f6ne \u00e7\u0131k\u0131yor.<br \/><\/p>\n","protected":false},"excerpt":{"rendered":"<p>Dat\u00e7a A\u00e7\u0131k Deniz K\u0131\u015f Y\u00fczme Maratonu, 20. y\u0131l\u0131nda 17 Ocak\u2019ta Dat\u00e7a\u2019n\u0131n berrak sular\u0131nda y\u00fczme tutkunlar\u0131n\u0131 bulu\u015fturacak. T\u00fcrk sporcular\u0131n yan\u0131 s\u0131ra yurt d\u0131\u015f\u0131ndan gelecek y\u00fcz\u00fcc\u00fclerin de kat\u0131l\u0131m\u0131yla yakla\u015f\u0131k 550 sporcunun yer alaca\u011f\u0131 20. Uluslararas\u0131 Dat\u00e7a A\u00e7\u0131k Deniz K\u0131\u015f Y\u00fczme Maratonu, 17 Ocak\u2019ta Dat\u00e7a\u2019da ger\u00e7ekle\u015ftirilecek. 14 ya\u015ftan 85 ya\u015f ve \u00fczeri sporcular\u0131n m\u00fccadele edece\u011fi organizasyonda y\u00fcz\u00fcc\u00fcler, &#8220;Kurakl\u0131\u011fa&#8230;<\/p>\n","protected":false},"author":1,"featured_media":78837,"comment_status":"open","ping_status":"open","sticky":false,"template":"","format":"standard","meta":{"_crdt_document":"","footnotes":""},"categories":[1],"tags":[],"class_list":["post-78836","post","type-post","status-publish","format-standard","has-post-thumbnail","hentry","category-guncel"],"_links":{"self":[{"href":"https:\/\/www.egemtv.com\/index.php?rest_route=\/wp\/v2\/posts\/78836","targetHints":{"allow":["GET"]}}],"collection":[{"href":"https:\/\/www.egemtv.com\/index.php?rest_route=\/wp\/v2\/posts"}],"about":[{"href":"https:\/\/www.egemtv.com\/index.php?rest_route=\/wp\/v2\/types\/post"}],"author":[{"embeddable":true,"href":"https:\/\/www.egemtv.com\/index.php?rest_route=\/wp\/v2\/users\/1"}],"replies":[{"embeddable":true,"href":"https:\/\/www.egemtv.com\/index.php?rest_route=%2Fwp%2Fv2%2Fcomments&post=78836"}],"version-history":[{"count":1,"href":"https:\/\/www.egemtv.com\/index.php?rest_route=\/wp\/v2\/posts\/78836\/revisions"}],"predecessor-version":[{"id":78838,"href":"https:\/\/www.egemtv.com\/index.php?rest_route=\/wp\/v2\/posts\/78836\/revisions\/78838"}],"wp:featuredmedia":[{"embeddable":true,"href":"https:\/\/www.egemtv.com\/index.php?rest_route=\/wp\/v2\/media\/78837"}],"wp:attachment":[{"href":"https:\/\/www.egemtv.com\/index.php?rest_route=%2Fwp%2Fv2%2Fmedia&parent=78836"}],"wp:term":[{"taxonomy":"category","embeddable":true,"href":"https:\/\/www.egemtv.com\/index.php?rest_route=%2Fwp%2Fv2%2Fcategories&post=78836"},{"taxonomy":"post_tag","embeddable":true,"href":"https:\/\/www.egemtv.com\/index.php?rest_route=%2Fwp%2Fv2%2Ftags&post=78836"}],"curies":[{"name":"wp","href":"https:\/\/api.w.org\/{rel}","templated":true}]}}