{"id":78833,"date":"2026-01-06T11:35:00","date_gmt":"2026-01-06T08:35:00","guid":{"rendered":"https:\/\/www.egemtv.com\/?p=78833"},"modified":"2026-01-06T11:35:01","modified_gmt":"2026-01-06T08:35:01","slug":"denizli-nikfer-kayak-merkezinde-yogunluk-erken-basladi","status":"publish","type":"post","link":"https:\/\/www.egemtv.com\/?p=78833","title":{"rendered":"Denizli Nikfer Kayak Merkezi\u2019nde yo\u011funluk erken ba\u015flad\u0131"},"content":{"rendered":"<p>Denizli Nikfer Kayak Merkezi, yeterli kar ya\u011f\u0131\u015f\u0131n\u0131n olmamas\u0131 nedeniyle hen\u00fcz sezonu a\u00e7amad\u0131. Kayak merkezi, kayak ve k\u0131\u015f sporlar\u0131 i\u00e7in gerekli kar kal\u0131nl\u0131\u011f\u0131na ulu\u015famamas\u0131na ra\u011fmen hafta sonlar\u0131 e\u011flenmek ve manzaran\u0131n tad\u0131n\u0131 \u00e7\u0131kartmak isteyen ailelerin ak\u0131n\u0131na u\u011fruyor.<br \/>\n<br \/>Denizli\u2019nin Tavas il\u00e7esine ba\u011fl\u0131 Nikfer Mahallesi s\u0131n\u0131rlar\u0131 i\u00e7erisinde yer alan Denizli Nikfer Kayak Merkezi, yeterli kar ya\u011f\u0131\u015f\u0131n\u0131n olmamas\u0131 nedeniyle hen\u00fcz sezonu a\u00e7amad\u0131. Sezonun ba\u015flamamas\u0131na ra\u011fmen Nikfer Kayak Merkezi, \u00f6zellikle hafta sonlar\u0131 ziyaret\u00e7ilerin yo\u011fun ilgisini g\u00f6r\u00fcyor. B\u00f6lgeye gelen vatanda\u015flar manzaran\u0131n keyfini \u00e7\u0131kar\u0131rken, \u00e7ocuklar da kar topu oynayarak ve k\u0131zaklarla kayarak e\u011flenceli anlar ge\u00e7iriyor.<br \/>\n<br \/>Dalaman\u2019dan karda e\u011flenmek i\u00e7in Denizli Nikfer Kayak Merkezi\u2019ne geldiklerini belirten Filiz G\u00fcne\u015f, &#8220;Dalaman\u2019dan geldik buraya ama kayak merkezi sosyal tesisleri kapal\u0131 \u00e7\u0131kt\u0131. Yol kenarlar\u0131nda e\u011flenmeye \u00e7al\u0131\u015f\u0131yoruz. Burada birazc\u0131k \u00e7ocuklar\u0131 e\u011flendirip gidece\u011fiz art\u0131k. Yani \u015fu an yol kenar\u0131nda olmam\u0131za ra\u011fmen yine g\u00fczel. Kar kal\u0131nl\u0131\u011f\u0131 ger\u00e7ekten ge\u00e7en y\u0131llara g\u00f6re \u00e7ok az. Be\u015f y\u0131l \u00f6nce gelmi\u015ftim ben buraya. Be\u015f y\u0131l \u00f6nce daha \u00e7ok kar vard\u0131 bu zamanlarda. Zaten \u00e7ocuklar\u0131 e\u011flendirmek i\u00e7in geldik. Tesislerin kapal\u0131 olmas\u0131na ra\u011fmen buradaki yama\u00e7lardan k\u0131zaklarla kayarak, kar topu oynayarak onlar da keyifli zaman ge\u00e7iyorlar&#8221; \u015feklinde konu\u015ftu.<br \/><\/p>\n","protected":false},"excerpt":{"rendered":"<p>Denizli Nikfer Kayak Merkezi, yeterli kar ya\u011f\u0131\u015f\u0131n\u0131n olmamas\u0131 nedeniyle hen\u00fcz sezonu a\u00e7amad\u0131. Kayak merkezi, kayak ve k\u0131\u015f sporlar\u0131 i\u00e7in gerekli kar kal\u0131nl\u0131\u011f\u0131na ulu\u015famamas\u0131na ra\u011fmen hafta sonlar\u0131 e\u011flenmek ve manzaran\u0131n tad\u0131n\u0131 \u00e7\u0131kartmak isteyen ailelerin ak\u0131n\u0131na u\u011fruyor. Denizli\u2019nin Tavas il\u00e7esine ba\u011fl\u0131 Nikfer Mahallesi s\u0131n\u0131rlar\u0131 i\u00e7erisinde yer alan Denizli Nikfer Kayak Merkezi, yeterli kar ya\u011f\u0131\u015f\u0131n\u0131n olmamas\u0131 nedeniyle hen\u00fcz&#8230;<\/p>\n","protected":false},"author":1,"featured_media":78834,"comment_status":"open","ping_status":"open","sticky":false,"template":"","format":"standard","meta":{"_crdt_document":"","footnotes":""},"categories":[1],"tags":[],"class_list":["post-78833","post","type-post","status-publish","format-standard","has-post-thumbnail","hentry","category-guncel"],"_links":{"self":[{"href":"https:\/\/www.egemtv.com\/index.php?rest_route=\/wp\/v2\/posts\/78833","targetHints":{"allow":["GET"]}}],"collection":[{"href":"https:\/\/www.egemtv.com\/index.php?rest_route=\/wp\/v2\/posts"}],"about":[{"href":"https:\/\/www.egemtv.com\/index.php?rest_route=\/wp\/v2\/types\/post"}],"author":[{"embeddable":true,"href":"https:\/\/www.egemtv.com\/index.php?rest_route=\/wp\/v2\/users\/1"}],"replies":[{"embeddable":true,"href":"https:\/\/www.egemtv.com\/index.php?rest_route=%2Fwp%2Fv2%2Fcomments&post=78833"}],"version-history":[{"count":1,"href":"https:\/\/www.egemtv.com\/index.php?rest_route=\/wp\/v2\/posts\/78833\/revisions"}],"predecessor-version":[{"id":78835,"href":"https:\/\/www.egemtv.com\/index.php?rest_route=\/wp\/v2\/posts\/78833\/revisions\/78835"}],"wp:featuredmedia":[{"embeddable":true,"href":"https:\/\/www.egemtv.com\/index.php?rest_route=\/wp\/v2\/media\/78834"}],"wp:attachment":[{"href":"https:\/\/www.egemtv.com\/index.php?rest_route=%2Fwp%2Fv2%2Fmedia&parent=78833"}],"wp:term":[{"taxonomy":"category","embeddable":true,"href":"https:\/\/www.egemtv.com\/index.php?rest_route=%2Fwp%2Fv2%2Fcategories&post=78833"},{"taxonomy":"post_tag","embeddable":true,"href":"https:\/\/www.egemtv.com\/index.php?rest_route=%2Fwp%2Fv2%2Ftags&post=78833"}],"curies":[{"name":"wp","href":"https:\/\/api.w.org\/{rel}","templated":true}]}}