{"id":78830,"date":"2026-01-06T11:34:59","date_gmt":"2026-01-06T08:34:59","guid":{"rendered":"https:\/\/www.egemtv.com\/?p=78830"},"modified":"2026-01-06T11:35:00","modified_gmt":"2026-01-06T08:35:00","slug":"atesi-olan-cocugu-okula-gondermeyin","status":"publish","type":"post","link":"https:\/\/www.egemtv.com\/?p=78830","title":{"rendered":"Ate\u015fi olan \u00e7ocu\u011fu okula g\u00f6ndermeyin"},"content":{"rendered":"<p>Havalar\u0131n so\u011fumas\u0131yla birlikte \u00e7ocuklarda grip vakalar\u0131 artt\u0131. Grip tan\u0131s\u0131 konmu\u015f \u00e7ocuklar\u0131n hastal\u0131klar\u0131n\u0131 okulda ba\u015fka \u00e7ocuklara bula\u015ft\u0131rmamas\u0131 i\u00e7in uyar\u0131larda bulanan \u00d6zel Denizli Tekden Hastanesi \u00c7ocuk Sa\u011fl\u0131\u011f\u0131 Ve Hastal\u0131klar\u0131 Uz. Dr. \u0130lter Paydur, &#8220;Hasta \u00e7ocuk ila\u00e7 kullanmadan 24 saat ate\u015fsiz kalabiliyorsa o zaman okula gitmeli. 24 saat ila\u00e7 almadan ate\u015fsiz kalam\u0131yorsa hasatl\u0131\u011f\u0131 bula\u015ft\u0131rma ihtimali y\u00fcksek oldu\u011fundan, di\u011fer \u00e7ocuklar\u0131n sa\u011fl\u0131\u011f\u0131 i\u00e7in okula gitmemeli&#8221; dedi.<\/p>\n<p>\u00d6zel Denizli Tekden Hastanesi \u00c7ocuk Sa\u011fl\u0131\u011f\u0131 Ve Hastal\u0131klar\u0131 Uz. Dr. \u0130lter Paydur grip tan\u0131s\u0131 konulan hasta \u00e7ocu\u011fun ne zaman okula gidebilece\u011fi konusunda bilgiler verdi. T\u00fcm ebeveynlerin kendi \u00e7ocuklar\u0131n\u0131 d\u00fc\u015f\u00fcnd\u00fc\u011f\u00fc kadar ba\u015fka \u00e7ocuklar\u0131 da d\u00fc\u015f\u00fcnmesi gerekti\u011fini ifade eden Dr. \u0130lter Paydur, &#8221;  Grip vakalar\u0131, son g\u00fcnlerde belirgin bir \u015fekilde artm\u0131\u015f durumda. Peki, grip tan\u0131s\u0131 alm\u0131\u015f bir \u00e7ocuk, okula en erken ne zaman d\u00f6nebilir? Gripte, vir\u00fcs\u00fcn en bula\u015ft\u0131r\u0131c\u0131 oldu\u011fu d\u00f6nem, ate\u015fin oldu\u011fu ilk 3-4 g\u00fcnl\u00fck d\u00f6nemdir. \u00d6zellikle ate\u015fe e\u015flik eden \u00f6ks\u00fcr\u00fck, burun ak\u0131nt\u0131s\u0131, hap\u015f\u0131r\u0131k varsa bula\u015ft\u0131r\u0131c\u0131l\u0131k fazlad\u0131r. Ate\u015fin d\u00fc\u015fmesiyle birlikte bula\u015ft\u0131r\u0131c\u0131l\u0131k azal\u0131r. Bu nedenle, klinikte kulland\u0131\u011f\u0131m\u0131z kritik ve g\u00fcvenli bir kural \u015fudur. Bir \u00e7ocuk, ate\u015f d\u00fc\u015f\u00fcr\u00fcc\u00fc kullanmadan en az 24 saat ate\u015fsiz kalmal\u0131 ve genel durumu iyi olmal\u0131d\u0131r. Bu \u015fartlar sa\u011fland\u0131ktan sonra okula d\u00f6nebilir. \u015eunu da unutmayal\u0131m. Hepimiz \u00e7ocu\u011fumuzu d\u00fc\u015f\u00fcn\u00fcyoruz ve korumaya \u00e7al\u0131\u015f\u0131yoruz. Ama ayn\u0131 zamanda ba\u015fkalar\u0131n\u0131n \u00e7ocuklar\u0131n\u0131 da d\u00fc\u015f\u00fcnmeliyiz, ba\u015fkalar\u0131n\u0131n \u00e7ocuklar\u0131n\u0131 da korumal\u0131y\u0131z. Tekrar hat\u0131rlatmak i\u00e7in s\u00f6yl\u00fcyorum. Grip tan\u0131s\u0131 konulmu\u015f bir \u00e7ocuk, en az 24 saat ate\u015fsiz bir d\u00f6nem ge\u00e7irdiyse, genel durumu iyiyse okula d\u00f6nebilir&#8221; \u015feklinde konu\u015ftu.<br \/><\/p>\n","protected":false},"excerpt":{"rendered":"<p>Havalar\u0131n so\u011fumas\u0131yla birlikte \u00e7ocuklarda grip vakalar\u0131 artt\u0131. Grip tan\u0131s\u0131 konmu\u015f \u00e7ocuklar\u0131n hastal\u0131klar\u0131n\u0131 okulda ba\u015fka \u00e7ocuklara bula\u015ft\u0131rmamas\u0131 i\u00e7in uyar\u0131larda bulanan \u00d6zel Denizli Tekden Hastanesi \u00c7ocuk Sa\u011fl\u0131\u011f\u0131 Ve Hastal\u0131klar\u0131 Uz. Dr. \u0130lter Paydur, &#8220;Hasta \u00e7ocuk ila\u00e7 kullanmadan 24 saat ate\u015fsiz kalabiliyorsa o zaman okula gitmeli. 24 saat ila\u00e7 almadan ate\u015fsiz kalam\u0131yorsa hasatl\u0131\u011f\u0131 bula\u015ft\u0131rma ihtimali y\u00fcksek oldu\u011fundan, di\u011fer&#8230;<\/p>\n","protected":false},"author":1,"featured_media":78831,"comment_status":"open","ping_status":"open","sticky":false,"template":"","format":"standard","meta":{"_crdt_document":"","footnotes":""},"categories":[2],"tags":[],"class_list":["post-78830","post","type-post","status-publish","format-standard","has-post-thumbnail","hentry","category-saglik"],"_links":{"self":[{"href":"https:\/\/www.egemtv.com\/index.php?rest_route=\/wp\/v2\/posts\/78830","targetHints":{"allow":["GET"]}}],"collection":[{"href":"https:\/\/www.egemtv.com\/index.php?rest_route=\/wp\/v2\/posts"}],"about":[{"href":"https:\/\/www.egemtv.com\/index.php?rest_route=\/wp\/v2\/types\/post"}],"author":[{"embeddable":true,"href":"https:\/\/www.egemtv.com\/index.php?rest_route=\/wp\/v2\/users\/1"}],"replies":[{"embeddable":true,"href":"https:\/\/www.egemtv.com\/index.php?rest_route=%2Fwp%2Fv2%2Fcomments&post=78830"}],"version-history":[{"count":1,"href":"https:\/\/www.egemtv.com\/index.php?rest_route=\/wp\/v2\/posts\/78830\/revisions"}],"predecessor-version":[{"id":78832,"href":"https:\/\/www.egemtv.com\/index.php?rest_route=\/wp\/v2\/posts\/78830\/revisions\/78832"}],"wp:featuredmedia":[{"embeddable":true,"href":"https:\/\/www.egemtv.com\/index.php?rest_route=\/wp\/v2\/media\/78831"}],"wp:attachment":[{"href":"https:\/\/www.egemtv.com\/index.php?rest_route=%2Fwp%2Fv2%2Fmedia&parent=78830"}],"wp:term":[{"taxonomy":"category","embeddable":true,"href":"https:\/\/www.egemtv.com\/index.php?rest_route=%2Fwp%2Fv2%2Fcategories&post=78830"},{"taxonomy":"post_tag","embeddable":true,"href":"https:\/\/www.egemtv.com\/index.php?rest_route=%2Fwp%2Fv2%2Ftags&post=78830"}],"curies":[{"name":"wp","href":"https:\/\/api.w.org\/{rel}","templated":true}]}}