{"id":78827,"date":"2026-01-06T11:14:45","date_gmt":"2026-01-06T08:14:45","guid":{"rendered":"https:\/\/www.egemtv.com\/?p=78827"},"modified":"2026-01-06T11:14:45","modified_gmt":"2026-01-06T08:14:45","slug":"aydinda-aralik-ayinda-29-bin-83-araca-islem-yapildi","status":"publish","type":"post","link":"https:\/\/www.egemtv.com\/?p=78827","title":{"rendered":"Ayd\u0131n\u2019da Aral\u0131k ay\u0131nda 29 bin 83 araca i\u015flem yap\u0131ld\u0131"},"content":{"rendered":"<p>Ayd\u0131n\u2019da emniyet ve jandarma ekipleri taraf\u0131ndan yap\u0131lan denetimlerde 29 bin 83 araca i\u015flem yap\u0131ld\u0131.<\/p>\n<p>Trafik g\u00fcvenli\u011finin art\u0131r\u0131lmas\u0131 ve korunmas\u0131 i\u00e7in yap\u0131lan \u00e7al\u0131\u015fmalarla ilgili olarak Ayd\u0131n Valili\u011fi\u2019nden yap\u0131lan a\u00e7\u0131klamada, &#8220;\u0130l Emniyet M\u00fcd\u00fcrl\u00fc\u011f\u00fc ve \u0130l Jandarma Komutanl\u0131\u011f\u0131na ba\u011fl\u0131 trafik ekipleri taraf\u0131ndan 2025 y\u0131l\u0131 Aral\u0131k ay\u0131 i\u00e7erisinde toplam 143 bin 877 ara\u00e7 kontrol edilirken, 29 bin 083 araca i\u015flem yap\u0131lm\u0131\u015ft\u0131r. Al\u0131nan \u00f6nlemlere ra\u011fmen; trafik kurallar\u0131na uyulmamas\u0131 nedeniyle 2025 Aral\u0131k ay\u0131 i\u00e7erisinde \u0130limiz s\u0131n\u0131rlar\u0131nda toplam 333 maddi hasarl\u0131, 384 yaralamal\u0131 ve 4 \u00f6l\u00fcml\u00fc olmak \u00fczere toplam 721 trafik kazas\u0131 meydana gelmi\u015ftir. Bu kazalarda toplam 502 vatanda\u015f\u0131m\u0131z yaralanm\u0131\u015f, 4 vatanda\u015f\u0131m\u0131z maalesef hayat\u0131n\u0131 kaybetmi\u015ftir. Ayr\u0131ca 357 s\u00fcr\u00fcc\u00fcn\u00fcn ehliyetine el konulmu\u015f olup, 382 s\u00fcr\u00fcc\u00fc ile 1304 ara\u00e7 trafikten men edilmi\u015ftir. Valili\u011fimizce, ilimizde trafik g\u00fcvenli\u011fi ve vatanda\u015flar\u0131m\u0131z\u0131n can ve mal emniyetinin daha etkin sa\u011flanmas\u0131na y\u00f6nelik olarak al\u0131nan t\u00fcm tedbirler artt\u0131r\u0131larak ayn\u0131 kararl\u0131l\u0131kla ve gayretle s\u00fcrd\u00fcr\u00fclecektir. Trafik kurallar\u0131na uyan, trafik d\u00fczeninin sa\u011flanmas\u0131na ilgi ve destekleriyle katk\u0131 sa\u011flayan de\u011ferli vatanda\u015flar\u0131m\u0131za te\u015fekk\u00fcr ediyoruz. Trafik kazalar\u0131n\u0131n azalmas\u0131 i\u00e7in s\u00fcr\u00fcc\u00fc ve vatanda\u015flar\u0131m\u0131z\u0131n da daha duyarl\u0131 olmalar\u0131, \u00f6zellikle hatal\u0131 \u015ferit de\u011fi\u015ftirmemeleri, alkoll\u00fc ara\u00e7 kullanmamalar\u0131, kural ihlali yapanlar\u0131n ise 112 nolu Acil \u00c7a\u011fr\u0131 Merkezi telefonuna ihbar edilmeleri hususlar\u0131nda vatanda\u015flar\u0131m\u0131z\u0131n bilgisine, desteklerine b\u00fcy\u00fck ihtiya\u00e7 vard\u0131r&#8221; denildi.<br \/><\/p>\n","protected":false},"excerpt":{"rendered":"<p>Ayd\u0131n\u2019da emniyet ve jandarma ekipleri taraf\u0131ndan yap\u0131lan denetimlerde 29 bin 83 araca i\u015flem yap\u0131ld\u0131. Trafik g\u00fcvenli\u011finin art\u0131r\u0131lmas\u0131 ve korunmas\u0131 i\u00e7in yap\u0131lan \u00e7al\u0131\u015fmalarla ilgili olarak Ayd\u0131n Valili\u011fi\u2019nden yap\u0131lan a\u00e7\u0131klamada, &#8220;\u0130l Emniyet M\u00fcd\u00fcrl\u00fc\u011f\u00fc ve \u0130l Jandarma Komutanl\u0131\u011f\u0131na ba\u011fl\u0131 trafik ekipleri taraf\u0131ndan 2025 y\u0131l\u0131 Aral\u0131k ay\u0131 i\u00e7erisinde toplam 143 bin 877 ara\u00e7 kontrol edilirken, 29 bin 083 araca&#8230;<\/p>\n","protected":false},"author":1,"featured_media":78828,"comment_status":"open","ping_status":"open","sticky":false,"template":"","format":"standard","meta":{"_crdt_document":"","footnotes":""},"categories":[5],"tags":[],"class_list":["post-78827","post","type-post","status-publish","format-standard","has-post-thumbnail","hentry","category-asayis"],"_links":{"self":[{"href":"https:\/\/www.egemtv.com\/index.php?rest_route=\/wp\/v2\/posts\/78827","targetHints":{"allow":["GET"]}}],"collection":[{"href":"https:\/\/www.egemtv.com\/index.php?rest_route=\/wp\/v2\/posts"}],"about":[{"href":"https:\/\/www.egemtv.com\/index.php?rest_route=\/wp\/v2\/types\/post"}],"author":[{"embeddable":true,"href":"https:\/\/www.egemtv.com\/index.php?rest_route=\/wp\/v2\/users\/1"}],"replies":[{"embeddable":true,"href":"https:\/\/www.egemtv.com\/index.php?rest_route=%2Fwp%2Fv2%2Fcomments&post=78827"}],"version-history":[{"count":1,"href":"https:\/\/www.egemtv.com\/index.php?rest_route=\/wp\/v2\/posts\/78827\/revisions"}],"predecessor-version":[{"id":78829,"href":"https:\/\/www.egemtv.com\/index.php?rest_route=\/wp\/v2\/posts\/78827\/revisions\/78829"}],"wp:featuredmedia":[{"embeddable":true,"href":"https:\/\/www.egemtv.com\/index.php?rest_route=\/wp\/v2\/media\/78828"}],"wp:attachment":[{"href":"https:\/\/www.egemtv.com\/index.php?rest_route=%2Fwp%2Fv2%2Fmedia&parent=78827"}],"wp:term":[{"taxonomy":"category","embeddable":true,"href":"https:\/\/www.egemtv.com\/index.php?rest_route=%2Fwp%2Fv2%2Fcategories&post=78827"},{"taxonomy":"post_tag","embeddable":true,"href":"https:\/\/www.egemtv.com\/index.php?rest_route=%2Fwp%2Fv2%2Ftags&post=78827"}],"curies":[{"name":"wp","href":"https:\/\/api.w.org\/{rel}","templated":true}]}}