{"id":78824,"date":"2026-01-06T11:14:44","date_gmt":"2026-01-06T08:14:44","guid":{"rendered":"https:\/\/www.egemtv.com\/?p=78824"},"modified":"2026-01-06T11:14:45","modified_gmt":"2026-01-06T08:14:45","slug":"altayda-ceyhun-gulselam-ve-ozgur-ozkaya-fesih-hakkini-kullanmadi","status":"publish","type":"post","link":"https:\/\/www.egemtv.com\/?p=78824","title":{"rendered":"Altay\u2019da Ceyhun G\u00fclselam ve \u00d6zg\u00fcr \u00d6zkaya fesih hakk\u0131n\u0131 kullanmad\u0131"},"content":{"rendered":"<p>Altay\u2019da alacaklar\u0131 nedeniyle kul\u00fcbe ihtarname g\u00f6nderen Ceyhun G\u00fclselam ile \u00d6zg\u00fcr \u00d6zkaya, fesih hakk\u0131 kazanmalar\u0131na ra\u011fmen bu haklar\u0131n\u0131 kullanmayarak s\u00fcreyi uzatt\u0131 ve siyah-beyazl\u0131 formayla yollar\u0131na devam etme karar\u0131 ald\u0131.<br \/>\n<br \/>TFF 3. Lig 4. Grup ekiplerinden Altay\u2019da sorunlar bir t\u00fcrl\u00fc sona ermiyor. Tarihinin en s\u0131k\u0131nt\u0131l\u0131 d\u00f6nemlerinden birini ya\u015fayan siyah-beyazl\u0131lar, yakla\u015f\u0131k 4.5 y\u0131ld\u0131r s\u00fcren transfer yasa\u011f\u0131n\u0131n yan\u0131 s\u0131ra eski futbolcular\u0131na olan bor\u00e7lar\u0131 nedeniyle FIFA ile de kar\u015f\u0131 kar\u015f\u0131ya kald\u0131. \u0130zmir temsilcisi, 4 eski yabanc\u0131 oyuncusuyla 15 Ocak\u2019a kadar anla\u015fma sa\u011flayamamas\u0131 halinde FIFA\u2019dan 18 puan silme ve k\u00fcme d\u00fc\u015f\u00fcr\u00fclme cezas\u0131yla kar\u015f\u0131 kar\u015f\u0131ya kalacak. Bu a\u011f\u0131r yapt\u0131r\u0131mlardan kurtulmak isteyen Altay y\u00f6netimi yo\u011fun bir \u00e7al\u0131\u015fma y\u00fcr\u00fct\u00fcrken, kul\u00fcpte halen forma giyen bir\u00e7ok futbolcunun da alacaklar\u0131n\u0131 tahsil edemedi\u011fi i\u00e7in ihtarname g\u00f6nderdi\u011fi \u00f6\u011frenildi. Bu oyuncular aras\u0131nda yer alan Ceyhun G\u00fclselam ile \u00d6zg\u00fcr \u00d6zkaya ise kendilerine tan\u0131nan s\u00fcrenin dolmas\u0131na ve fesih hakk\u0131 kazanmalar\u0131na ra\u011fmen s\u00fcreyi uzatarak siyah-beyazl\u0131 tak\u0131mla yola devam etme karar\u0131 ald\u0131.<br \/>\n<br \/>Konuyla ilgili kul\u00fcpten yap\u0131lan a\u00e7\u0131klamada, &#8220;Kaptanlar\u0131m\u0131z \u00d6zg\u00fcr \u00d6zkaya ve Ceyhun G\u00fclselam, ihtarnamelerindeki fesih haklar\u0131n\u0131n son g\u00fcn\u00fc olmas\u0131na ra\u011fmen, Kul\u00fcb\u00fcm\u00fcz\u00fcn gelece\u011fi ile alakal\u0131 iyi niyetli d\u00fc\u015f\u00fcncelerini belirterek, fesih haklar\u0131n\u0131n s\u00fcrelerini, Kul\u00fcb\u00fcm\u00fcz lehine uzatm\u0131\u015flard\u0131r. Bilgilerinize sayg\u0131yla sunar\u0131z&#8221; ifadelerine yer verildi.<br \/><\/p>\n","protected":false},"excerpt":{"rendered":"<p>Altay\u2019da alacaklar\u0131 nedeniyle kul\u00fcbe ihtarname g\u00f6nderen Ceyhun G\u00fclselam ile \u00d6zg\u00fcr \u00d6zkaya, fesih hakk\u0131 kazanmalar\u0131na ra\u011fmen bu haklar\u0131n\u0131 kullanmayarak s\u00fcreyi uzatt\u0131 ve siyah-beyazl\u0131 formayla yollar\u0131na devam etme karar\u0131 ald\u0131. TFF 3. Lig 4. Grup ekiplerinden Altay\u2019da sorunlar bir t\u00fcrl\u00fc sona ermiyor. Tarihinin en s\u0131k\u0131nt\u0131l\u0131 d\u00f6nemlerinden birini ya\u015fayan siyah-beyazl\u0131lar, yakla\u015f\u0131k 4.5 y\u0131ld\u0131r s\u00fcren transfer yasa\u011f\u0131n\u0131n yan\u0131 s\u0131ra&#8230;<\/p>\n","protected":false},"author":1,"featured_media":78825,"comment_status":"open","ping_status":"open","sticky":false,"template":"","format":"standard","meta":{"_crdt_document":"","footnotes":""},"categories":[4],"tags":[],"class_list":["post-78824","post","type-post","status-publish","format-standard","has-post-thumbnail","hentry","category-spor"],"_links":{"self":[{"href":"https:\/\/www.egemtv.com\/index.php?rest_route=\/wp\/v2\/posts\/78824","targetHints":{"allow":["GET"]}}],"collection":[{"href":"https:\/\/www.egemtv.com\/index.php?rest_route=\/wp\/v2\/posts"}],"about":[{"href":"https:\/\/www.egemtv.com\/index.php?rest_route=\/wp\/v2\/types\/post"}],"author":[{"embeddable":true,"href":"https:\/\/www.egemtv.com\/index.php?rest_route=\/wp\/v2\/users\/1"}],"replies":[{"embeddable":true,"href":"https:\/\/www.egemtv.com\/index.php?rest_route=%2Fwp%2Fv2%2Fcomments&post=78824"}],"version-history":[{"count":1,"href":"https:\/\/www.egemtv.com\/index.php?rest_route=\/wp\/v2\/posts\/78824\/revisions"}],"predecessor-version":[{"id":78826,"href":"https:\/\/www.egemtv.com\/index.php?rest_route=\/wp\/v2\/posts\/78824\/revisions\/78826"}],"wp:featuredmedia":[{"embeddable":true,"href":"https:\/\/www.egemtv.com\/index.php?rest_route=\/wp\/v2\/media\/78825"}],"wp:attachment":[{"href":"https:\/\/www.egemtv.com\/index.php?rest_route=%2Fwp%2Fv2%2Fmedia&parent=78824"}],"wp:term":[{"taxonomy":"category","embeddable":true,"href":"https:\/\/www.egemtv.com\/index.php?rest_route=%2Fwp%2Fv2%2Fcategories&post=78824"},{"taxonomy":"post_tag","embeddable":true,"href":"https:\/\/www.egemtv.com\/index.php?rest_route=%2Fwp%2Fv2%2Ftags&post=78824"}],"curies":[{"name":"wp","href":"https:\/\/api.w.org\/{rel}","templated":true}]}}