{"id":78821,"date":"2026-01-06T10:55:28","date_gmt":"2026-01-06T07:55:28","guid":{"rendered":"https:\/\/www.egemtv.com\/?p=78821"},"modified":"2026-01-06T10:55:29","modified_gmt":"2026-01-06T07:55:29","slug":"karsiyakada-namik-baris-somaspora-gitti","status":"publish","type":"post","link":"https:\/\/www.egemtv.com\/?p=78821","title":{"rendered":"Kar\u015f\u0131yaka\u2019da Nam\u0131k Bar\u0131\u015f Somaspor\u2019a gitti"},"content":{"rendered":"<p>Kar\u015f\u0131yaka\u2019n\u0131n sezon ba\u015f\u0131nda kadrosuna katt\u0131\u011f\u0131 27 ya\u015f\u0131ndaki kanat oyuncusu Nam\u0131k Bar\u0131\u015f \u00c7elik, 2. Lig ekiplerinden Somaspor\u2019a transfer oldu.<br \/>\n<br \/>TFF 3. Lig 4. Grup\u2019ta yer alan Kar\u015f\u0131yaka\u2019da, ara transfer d\u00f6neminin ba\u015flamas\u0131yla birlikte kadroda yeniden yap\u0131lanma s\u00fcrecine girildi. \u0130zmir temsilcisi, bu kapsamda ilk olarak altyap\u0131s\u0131ndan yeti\u015fen 23 ya\u015f\u0131ndaki Ferdi Burgaz\u2019\u0131 4 milyon TL bonservis bedeliyle 2. Lig ekiplerinden Mu\u015fspor\u2019a g\u00f6nderdi. Ye\u015fil-k\u0131rm\u0131z\u0131l\u0131lar, ard\u0131ndan sezon ba\u015f\u0131nda kadrosuna katt\u0131\u011f\u0131 27 ya\u015f\u0131ndaki kanat oyuncusu Nam\u0131k Bar\u0131\u015f \u00c7elik ile de yollar\u0131n\u0131 ay\u0131rd\u0131. Bu sezonun ilk yar\u0131s\u0131nda Kar\u015f\u0131yaka formas\u0131yla 3\u2019\u00fc ilk 11 olmak \u00fczere 9 kar\u015f\u0131la\u015fmada g\u00f6rev alan tecr\u00fcbeli futbolcu, 233 dakika sahada kald\u0131\u011f\u0131 s\u00fcrede 1 asistlik katk\u0131 sa\u011flad\u0131. Somaspor kul\u00fcb\u00fcnden yap\u0131lan a\u00e7\u0131klamada, &#8220;Kul\u00fcb\u00fcm\u00fcz, kanat oyuncusu Nam\u0131k Bar\u0131\u015f \u00c7elik ile anla\u015fmaya varm\u0131\u015ft\u0131r. Y\u00f6netim Kurulu \u00dcyemiz Fatih Kaya\u2019n\u0131n kat\u0131ld\u0131\u011f\u0131 imza t\u00f6reninde Nam\u0131k Bar\u0131\u015f \u00c7elik ile s\u00f6zle\u015fme imzalanm\u0131\u015ft\u0131r.<br \/>\n<br \/>Kul\u00fcb\u00fcm\u00fcze \u00f6nemli hizmetlerde bulunaca\u011f\u0131na inand\u0131\u011f\u0131m\u0131z Nam\u0131k Bar\u0131\u015f \u00c7elik\u2019e \u015fanl\u0131 formam\u0131z ile \u00fcst\u00fcn ba\u015far\u0131lar dileriz&#8221; ifadelerine yer verildi.<br \/>\n<br \/>\u00d6te yandan Kar\u015f\u0131yaka\u2019da yine kanat oyuncusu Mehmet G\u00fcne\u015f ve kaleci Bayram K\u0131l\u0131\u00e7 ile de yollar\u0131n ayr\u0131lmas\u0131 bekleniyor.<br \/><\/p>\n","protected":false},"excerpt":{"rendered":"<p>Kar\u015f\u0131yaka\u2019n\u0131n sezon ba\u015f\u0131nda kadrosuna katt\u0131\u011f\u0131 27 ya\u015f\u0131ndaki kanat oyuncusu Nam\u0131k Bar\u0131\u015f \u00c7elik, 2. Lig ekiplerinden Somaspor\u2019a transfer oldu. TFF 3. Lig 4. Grup\u2019ta yer alan Kar\u015f\u0131yaka\u2019da, ara transfer d\u00f6neminin ba\u015flamas\u0131yla birlikte kadroda yeniden yap\u0131lanma s\u00fcrecine girildi. \u0130zmir temsilcisi, bu kapsamda ilk olarak altyap\u0131s\u0131ndan yeti\u015fen 23 ya\u015f\u0131ndaki Ferdi Burgaz\u2019\u0131 4 milyon TL bonservis bedeliyle 2. Lig&#8230;<\/p>\n","protected":false},"author":1,"featured_media":78822,"comment_status":"open","ping_status":"open","sticky":false,"template":"","format":"standard","meta":{"_crdt_document":"","footnotes":""},"categories":[4],"tags":[],"class_list":["post-78821","post","type-post","status-publish","format-standard","has-post-thumbnail","hentry","category-spor"],"_links":{"self":[{"href":"https:\/\/www.egemtv.com\/index.php?rest_route=\/wp\/v2\/posts\/78821","targetHints":{"allow":["GET"]}}],"collection":[{"href":"https:\/\/www.egemtv.com\/index.php?rest_route=\/wp\/v2\/posts"}],"about":[{"href":"https:\/\/www.egemtv.com\/index.php?rest_route=\/wp\/v2\/types\/post"}],"author":[{"embeddable":true,"href":"https:\/\/www.egemtv.com\/index.php?rest_route=\/wp\/v2\/users\/1"}],"replies":[{"embeddable":true,"href":"https:\/\/www.egemtv.com\/index.php?rest_route=%2Fwp%2Fv2%2Fcomments&post=78821"}],"version-history":[{"count":1,"href":"https:\/\/www.egemtv.com\/index.php?rest_route=\/wp\/v2\/posts\/78821\/revisions"}],"predecessor-version":[{"id":78823,"href":"https:\/\/www.egemtv.com\/index.php?rest_route=\/wp\/v2\/posts\/78821\/revisions\/78823"}],"wp:featuredmedia":[{"embeddable":true,"href":"https:\/\/www.egemtv.com\/index.php?rest_route=\/wp\/v2\/media\/78822"}],"wp:attachment":[{"href":"https:\/\/www.egemtv.com\/index.php?rest_route=%2Fwp%2Fv2%2Fmedia&parent=78821"}],"wp:term":[{"taxonomy":"category","embeddable":true,"href":"https:\/\/www.egemtv.com\/index.php?rest_route=%2Fwp%2Fv2%2Fcategories&post=78821"},{"taxonomy":"post_tag","embeddable":true,"href":"https:\/\/www.egemtv.com\/index.php?rest_route=%2Fwp%2Fv2%2Ftags&post=78821"}],"curies":[{"name":"wp","href":"https:\/\/api.w.org\/{rel}","templated":true}]}}