{"id":78815,"date":"2026-01-06T10:35:42","date_gmt":"2026-01-06T07:35:42","guid":{"rendered":"https:\/\/www.egemtv.com\/?p=78815"},"modified":"2026-01-06T10:35:43","modified_gmt":"2026-01-06T07:35:43","slug":"izmir-adliyesi-onunde-supheli-paket-panigi","status":"publish","type":"post","link":"https:\/\/www.egemtv.com\/?p=78815","title":{"rendered":"\u0130zmir Adliyesi \u00f6n\u00fcnde \u015f\u00fcpheli paket pani\u011fi"},"content":{"rendered":"<p>\u0130zmir Adliyesi \u00f6n\u00fcnde yol kenar\u0131na b\u0131rak\u0131lm\u0131\u015f \u015f\u00fcpheli paket pani\u011fe neden oldu. Emniyet g\u00f6revlileri b\u00f6lgeyi g\u00fcvenlik \u00e7emberine al\u0131rken, f\u00fcnye ile patlat\u0131lan \u015f\u00fcpheli paket bo\u015f \u00e7\u0131kt\u0131.<br \/>\n<br \/>Edinilen bilgiye g\u00f6re, \u0130zmir Adliyesi \u00f6n\u00fcnde kap\u0131 giri\u015finde kald\u0131r\u0131m kenar\u0131nda \u015f\u00fcpheli paket oldu\u011fu bilgisi \u00fczerine, Adliye ve \u00e7evresinde g\u00f6revli polisler harekete ge\u00e7ti. \u015e\u00fcpheli paketin oldu\u011fu alan g\u00fcvenlik \u00e7emberine al\u0131nd\u0131. B\u00f6lge ara\u00e7 ve yaya ge\u00e7i\u015flerine kapat\u0131ld\u0131. Bir s\u00fcre sonra b\u00f6lgeye gelen bomba uzman\u0131, \u015f\u00fcpheli paketi f\u00fcnye ile patlatt\u0131. Paketin bo\u015f \u00e7\u0131kmas\u0131 \u00fczerine \u00e7evredekiler rahat nefes ald\u0131.<br \/>\n<br \/>G\u00f6rd\u00fc tan\u0131klar\u0131n\u0131n ifadesine g\u00f6re, \u015f\u00fcpheli paketin bir ara\u00e7tan yere d\u00fc\u015ft\u00fc\u011f\u00fc ve yoldan ge\u00e7en bir vatanda\u015f taraf\u0131ndan yol kenar\u0131na b\u0131rak\u0131ld\u0131\u011f\u0131 \u00f6\u011frenildi.<\/p>\n<p>PKK\u2019n\u0131n sald\u0131r\u0131s\u0131n\u0131 hat\u0131rlatt\u0131<br \/>\n<br \/>\u00d6te yandan, PKK\u2019l\u0131 2 ter\u00f6rist 5 Ocak 2017 tarihinde burada bir silahl\u0131 sald\u0131r\u0131 ger\u00e7ekle\u015ftirmi\u015f, Polis Memuru Fethi Sekin ile adliye \u00e7al\u0131\u015fan\u0131 Musa Can \u015fehit olmu\u015ftu. D\u00fcn, hain sald\u0131r\u0131n\u0131n y\u0131l d\u00f6n\u00fcm\u00fcyd\u00fc.<br \/><\/p>\n","protected":false},"excerpt":{"rendered":"<p>\u0130zmir Adliyesi \u00f6n\u00fcnde yol kenar\u0131na b\u0131rak\u0131lm\u0131\u015f \u015f\u00fcpheli paket pani\u011fe neden oldu. Emniyet g\u00f6revlileri b\u00f6lgeyi g\u00fcvenlik \u00e7emberine al\u0131rken, f\u00fcnye ile patlat\u0131lan \u015f\u00fcpheli paket bo\u015f \u00e7\u0131kt\u0131. Edinilen bilgiye g\u00f6re, \u0130zmir Adliyesi \u00f6n\u00fcnde kap\u0131 giri\u015finde kald\u0131r\u0131m kenar\u0131nda \u015f\u00fcpheli paket oldu\u011fu bilgisi \u00fczerine, Adliye ve \u00e7evresinde g\u00f6revli polisler harekete ge\u00e7ti. \u015e\u00fcpheli paketin oldu\u011fu alan g\u00fcvenlik \u00e7emberine al\u0131nd\u0131. B\u00f6lge ara\u00e7&#8230;<\/p>\n","protected":false},"author":1,"featured_media":78816,"comment_status":"open","ping_status":"open","sticky":false,"template":"","format":"standard","meta":{"_crdt_document":"","footnotes":""},"categories":[5],"tags":[],"class_list":["post-78815","post","type-post","status-publish","format-standard","has-post-thumbnail","hentry","category-asayis"],"_links":{"self":[{"href":"https:\/\/www.egemtv.com\/index.php?rest_route=\/wp\/v2\/posts\/78815","targetHints":{"allow":["GET"]}}],"collection":[{"href":"https:\/\/www.egemtv.com\/index.php?rest_route=\/wp\/v2\/posts"}],"about":[{"href":"https:\/\/www.egemtv.com\/index.php?rest_route=\/wp\/v2\/types\/post"}],"author":[{"embeddable":true,"href":"https:\/\/www.egemtv.com\/index.php?rest_route=\/wp\/v2\/users\/1"}],"replies":[{"embeddable":true,"href":"https:\/\/www.egemtv.com\/index.php?rest_route=%2Fwp%2Fv2%2Fcomments&post=78815"}],"version-history":[{"count":1,"href":"https:\/\/www.egemtv.com\/index.php?rest_route=\/wp\/v2\/posts\/78815\/revisions"}],"predecessor-version":[{"id":78817,"href":"https:\/\/www.egemtv.com\/index.php?rest_route=\/wp\/v2\/posts\/78815\/revisions\/78817"}],"wp:featuredmedia":[{"embeddable":true,"href":"https:\/\/www.egemtv.com\/index.php?rest_route=\/wp\/v2\/media\/78816"}],"wp:attachment":[{"href":"https:\/\/www.egemtv.com\/index.php?rest_route=%2Fwp%2Fv2%2Fmedia&parent=78815"}],"wp:term":[{"taxonomy":"category","embeddable":true,"href":"https:\/\/www.egemtv.com\/index.php?rest_route=%2Fwp%2Fv2%2Fcategories&post=78815"},{"taxonomy":"post_tag","embeddable":true,"href":"https:\/\/www.egemtv.com\/index.php?rest_route=%2Fwp%2Fv2%2Ftags&post=78815"}],"curies":[{"name":"wp","href":"https:\/\/api.w.org\/{rel}","templated":true}]}}