{"id":78812,"date":"2026-01-06T10:35:41","date_gmt":"2026-01-06T07:35:41","guid":{"rendered":"https:\/\/www.egemtv.com\/?p=78812"},"modified":"2026-01-06T10:35:42","modified_gmt":"2026-01-06T07:35:42","slug":"uzmanlar-uyardi-topuk-kani-tarama-testi-hastaliklara-karsi-koruma-kalkani","status":"publish","type":"post","link":"https:\/\/www.egemtv.com\/?p=78812","title":{"rendered":"Uzmanlar uyard\u0131: &#8220;Topuk kan\u0131 tarama testi, hastal\u0131klara kar\u015f\u0131 koruma kalkan\u0131&#8221;"},"content":{"rendered":"<p>Ayd\u0131n Adnan Menderes \u00dcniversitesi \u00c7ocuk Metabolizma Hastal\u0131klar\u0131 Bilim Dal\u0131 Ba\u015fkan\u0131 Dr. \u00d6\u011fr. \u00dcyesi Emine G\u00f6ksoy, yenido\u011fan tarama testlerinin \u00e7ocuk sa\u011fl\u0131\u011f\u0131 a\u00e7\u0131s\u0131ndan hayati \u00f6nem ta\u015f\u0131d\u0131\u011f\u0131n\u0131 belirtti. Topuk kan\u0131 uygulamas\u0131n\u0131n ihmal edilmemesi gerekti\u011fini vurgulayan G\u00f6ksoy, &#8220;Topuk kan\u0131 tarama testi, hastal\u0131klara kar\u015f\u0131 koruma kalkan\u0131&#8221; dedi.<br \/>\n<br \/>Yeni do\u011fan bebeklerden al\u0131nan birka\u00e7 damla topuk kan\u0131, sessiz seyreden ancak ciddi sonu\u00e7lar do\u011furabilen hastal\u0131klar\u0131n erken d\u00f6nemde ortaya \u00e7\u0131kar\u0131lmas\u0131n\u0131 sa\u011fl\u0131yor. Uzmanlar, bu basit testin \u00e7ocuklar\u0131n t\u00fcm gelece\u011fini etkileyebilecek hayati bir ad\u0131m oldu\u011funa dikkat \u00e7ekiyor. AD\u00dc \u00c7ocuk Metabolizma Hastal\u0131klar\u0131 Bilim Dal\u0131 Ba\u015fkan\u0131 Dr. \u00d6\u011fr. \u00dcyesi Emine G\u00f6ksoy yenido\u011fan d\u00f6neminde al\u0131nan birka\u00e7 damla kan ile \u00e7ok \u00f6nemli bilgilere ula\u015f\u0131labildi\u011fini ifade ederek bu sayede hen\u00fcz herhangi bir belirti g\u00f6stermeyen pek \u00e7ok metabolik ve genetik hastal\u0131\u011f\u0131n erken d\u00f6nemde tespit edilebildi\u011fini belirtti.<br \/>\n<br \/>Sessiz d\u00f6nemde tan\u0131 konulan hastal\u0131klarda erken tedaviye ba\u015flanmas\u0131n\u0131n, \u00e7ocuklar\u0131n tamamen sa\u011fl\u0131kl\u0131 bir ya\u015fam s\u00fcrmelerine imkan sa\u011flad\u0131\u011f\u0131n\u0131 dile getiren G\u00f6ksoy, &#8220;Yeni do\u011fan bir bebe\u011fin topu\u011fundan ald\u0131\u011f\u0131m\u0131z bir ka\u00e7 damla kan ile \u00e7ok b\u00fcy\u00fck bilgilere ula\u015fabiliyoruz. Dolay\u0131s\u0131yla bu bilgilerle sessiz d\u00f6nemde herhangi bir semptomu yokken hastal\u0131\u011f\u0131n tan\u0131s\u0131n\u0131 koyup erken tedaviye ba\u015fl\u0131yoruz ve \u00e7ocuklar\u0131m\u0131z tamamen sa\u011fl\u0131kl\u0131 hayatlar\u0131na devam edebiliyorlar. Bu tarama testi sadece bir test de\u011fil asl\u0131nda \u00e7ocuklar\u0131m\u0131z i\u00e7in bir koruma kalkan\u0131 diyebiliriz. T\u00fcm ailelere seslenmek istiyorum. L\u00fctfen yeni do\u011fan tarama programlar\u0131m\u0131z\u0131 ve topuk kan\u0131n\u0131 ihmal etmeyin. \u00c7\u00fcnk\u00fc bir ka\u00e7 damla kan \u00e7ocu\u011fun t\u00fcm gelece\u011fini de\u011fi\u015ftirebilir&#8221; ifadelerini kulland\u0131.<br \/><\/p>\n","protected":false},"excerpt":{"rendered":"<p>Ayd\u0131n Adnan Menderes \u00dcniversitesi \u00c7ocuk Metabolizma Hastal\u0131klar\u0131 Bilim Dal\u0131 Ba\u015fkan\u0131 Dr. \u00d6\u011fr. \u00dcyesi Emine G\u00f6ksoy, yenido\u011fan tarama testlerinin \u00e7ocuk sa\u011fl\u0131\u011f\u0131 a\u00e7\u0131s\u0131ndan hayati \u00f6nem ta\u015f\u0131d\u0131\u011f\u0131n\u0131 belirtti. Topuk kan\u0131 uygulamas\u0131n\u0131n ihmal edilmemesi gerekti\u011fini vurgulayan G\u00f6ksoy, &#8220;Topuk kan\u0131 tarama testi, hastal\u0131klara kar\u015f\u0131 koruma kalkan\u0131&#8221; dedi. Yeni do\u011fan bebeklerden al\u0131nan birka\u00e7 damla topuk kan\u0131, sessiz seyreden ancak ciddi sonu\u00e7lar&#8230;<\/p>\n","protected":false},"author":1,"featured_media":78813,"comment_status":"open","ping_status":"open","sticky":false,"template":"","format":"standard","meta":{"_crdt_document":"","footnotes":""},"categories":[2],"tags":[],"class_list":["post-78812","post","type-post","status-publish","format-standard","has-post-thumbnail","hentry","category-saglik"],"_links":{"self":[{"href":"https:\/\/www.egemtv.com\/index.php?rest_route=\/wp\/v2\/posts\/78812","targetHints":{"allow":["GET"]}}],"collection":[{"href":"https:\/\/www.egemtv.com\/index.php?rest_route=\/wp\/v2\/posts"}],"about":[{"href":"https:\/\/www.egemtv.com\/index.php?rest_route=\/wp\/v2\/types\/post"}],"author":[{"embeddable":true,"href":"https:\/\/www.egemtv.com\/index.php?rest_route=\/wp\/v2\/users\/1"}],"replies":[{"embeddable":true,"href":"https:\/\/www.egemtv.com\/index.php?rest_route=%2Fwp%2Fv2%2Fcomments&post=78812"}],"version-history":[{"count":1,"href":"https:\/\/www.egemtv.com\/index.php?rest_route=\/wp\/v2\/posts\/78812\/revisions"}],"predecessor-version":[{"id":78814,"href":"https:\/\/www.egemtv.com\/index.php?rest_route=\/wp\/v2\/posts\/78812\/revisions\/78814"}],"wp:featuredmedia":[{"embeddable":true,"href":"https:\/\/www.egemtv.com\/index.php?rest_route=\/wp\/v2\/media\/78813"}],"wp:attachment":[{"href":"https:\/\/www.egemtv.com\/index.php?rest_route=%2Fwp%2Fv2%2Fmedia&parent=78812"}],"wp:term":[{"taxonomy":"category","embeddable":true,"href":"https:\/\/www.egemtv.com\/index.php?rest_route=%2Fwp%2Fv2%2Fcategories&post=78812"},{"taxonomy":"post_tag","embeddable":true,"href":"https:\/\/www.egemtv.com\/index.php?rest_route=%2Fwp%2Fv2%2Ftags&post=78812"}],"curies":[{"name":"wp","href":"https:\/\/api.w.org\/{rel}","templated":true}]}}