{"id":78806,"date":"2026-01-06T10:14:57","date_gmt":"2026-01-06T07:14:57","guid":{"rendered":"https:\/\/www.egemtv.com\/?p=78806"},"modified":"2026-01-06T10:14:58","modified_gmt":"2026-01-06T07:14:58","slug":"aduden-universite-sehir-is-birligine-guclu-adim","status":"publish","type":"post","link":"https:\/\/www.egemtv.com\/?p=78806","title":{"rendered":"AD\u00dc\u2019den \u00fcniversite-\u015fehir i\u015f birli\u011fine g\u00fc\u00e7l\u00fc ad\u0131m"},"content":{"rendered":"<p>Ayd\u0131n Adnan Menderes \u00dcniversitesi Rekt\u00f6r\u00fc Prof. Dr. B\u00fclent Kent, Ayd\u0131n B\u00fcy\u00fck\u015fehir Belediyesi taraf\u0131ndan kente kazand\u0131r\u0131lan Ayd\u0131n Tekstil Park Fuar Alan\u0131\u2019n\u0131 ziyaret ederek, alan\u0131n \u00fcniversitenin kariyer ve istihdam odakl\u0131 etkinliklerinde kullan\u0131m\u0131na y\u00f6nelik de\u011ferlendirmelerde bulundu.<br \/>\n<br \/>Ayd\u0131n Adnan Menderes \u00dcniversitesi (AD\u00dc) Rekt\u00f6r\u00fc Prof. Dr. B\u00fclent Kent, Ayd\u0131n B\u00fcy\u00fck\u015fehir Belediyesi taraf\u0131ndan kente kazand\u0131r\u0131lan Ayd\u0131n Tekstil Park Fuar Alan\u0131\u2019n\u0131 ziyaret etti. Ziyarette Rekt\u00f6r Kent\u2019e, Rekt\u00f6r Yard\u0131mc\u0131lar\u0131 Prof. Dr. Cemal \u0130yem, Prof. Dr. Erkan Salan ve Prof. Dr. Cengiz \u00d6zarslan, Genel Sekreter V. Prof. Dr. Bertan Akyol, Genel Sekreter Yard\u0131mc\u0131s\u0131 Tanfer Bilge, Genel Sekreter Yard\u0131mc\u0131s\u0131 V. Naciye \u00c7al\u0131\u015f\u0131c\u0131 \u00c7elik ile \u00dcniversite Kariyer Merkezi Koordinat\u00f6rl\u00fc\u011f\u00fc y\u00f6neticileri e\u015flik etti.<br \/>\n<br \/>\u00dcniversite-\u015fehir i\u015f birli\u011fi a\u00e7\u0131s\u0131ndan \u00f6nemli bir merkez olma niteli\u011fi ta\u015f\u0131yan fuar alan\u0131nda, kariyer fuarlar\u0131, istihdam g\u00fcnleri, tan\u0131t\u0131m organizasyonlar\u0131 ve akademik etkinliklerin ger\u00e7ekle\u015ftirilebilmesine y\u00f6nelik imkanlar de\u011ferlendirildi. Alan\u0131n, \u00f6\u011frenciler ile i\u015f d\u00fcnyas\u0131n\u0131 bir araya getirecek organizasyonlara ev sahipli\u011fi yapma potansiyeli \u00fczerinde duruldu. Ziyaret kapsam\u0131nda alan\u0131n teknik altyap\u0131s\u0131, ula\u015f\u0131m imkanlar\u0131 ve organizasyonel kapasitesi hakk\u0131nda yetkililerden bilgi alan Rekt\u00f6r Prof. Dr. B\u00fclent Kent, tesisin \u00fcniversitenin kariyer odakl\u0131 faaliyetlerini daha geni\u015f kitlelerle bulu\u015fturmak a\u00e7\u0131s\u0131ndan \u00f6nemli bir f\u0131rsat sundu\u011funu ifade etti. Ayr\u0131ca, ilerleyen s\u00fcre\u00e7te hayata ge\u00e7irilebilecek ortak projeler konusunda g\u00f6r\u00fc\u015f al\u0131\u015fveri\u015finde bulunuldu. AD\u00dc\u2019n\u00fcn \u00f6\u011frencilerine y\u00f6nelik kariyer ve istihdam faaliyetlerinin daha nitelikli ortamlarda ger\u00e7ekle\u015ftirilmesi hedeflenirken, \u00fcniversite-\u015fehir b\u00fct\u00fcnle\u015fmesine katk\u0131 sunacak etkinliklerin art\u0131r\u0131lmas\u0131 ama\u00e7lan\u0131yor.<br \/><\/p>\n","protected":false},"excerpt":{"rendered":"<p>Ayd\u0131n Adnan Menderes \u00dcniversitesi Rekt\u00f6r\u00fc Prof. Dr. B\u00fclent Kent, Ayd\u0131n B\u00fcy\u00fck\u015fehir Belediyesi taraf\u0131ndan kente kazand\u0131r\u0131lan Ayd\u0131n Tekstil Park Fuar Alan\u0131\u2019n\u0131 ziyaret ederek, alan\u0131n \u00fcniversitenin kariyer ve istihdam odakl\u0131 etkinliklerinde kullan\u0131m\u0131na y\u00f6nelik de\u011ferlendirmelerde bulundu. Ayd\u0131n Adnan Menderes \u00dcniversitesi (AD\u00dc) Rekt\u00f6r\u00fc Prof. Dr. B\u00fclent Kent, Ayd\u0131n B\u00fcy\u00fck\u015fehir Belediyesi taraf\u0131ndan kente kazand\u0131r\u0131lan Ayd\u0131n Tekstil Park Fuar Alan\u0131\u2019n\u0131 ziyaret&#8230;<\/p>\n","protected":false},"author":1,"featured_media":78807,"comment_status":"open","ping_status":"open","sticky":false,"template":"","format":"standard","meta":{"_crdt_document":"","footnotes":""},"categories":[1],"tags":[],"class_list":["post-78806","post","type-post","status-publish","format-standard","has-post-thumbnail","hentry","category-guncel"],"_links":{"self":[{"href":"https:\/\/www.egemtv.com\/index.php?rest_route=\/wp\/v2\/posts\/78806","targetHints":{"allow":["GET"]}}],"collection":[{"href":"https:\/\/www.egemtv.com\/index.php?rest_route=\/wp\/v2\/posts"}],"about":[{"href":"https:\/\/www.egemtv.com\/index.php?rest_route=\/wp\/v2\/types\/post"}],"author":[{"embeddable":true,"href":"https:\/\/www.egemtv.com\/index.php?rest_route=\/wp\/v2\/users\/1"}],"replies":[{"embeddable":true,"href":"https:\/\/www.egemtv.com\/index.php?rest_route=%2Fwp%2Fv2%2Fcomments&post=78806"}],"version-history":[{"count":1,"href":"https:\/\/www.egemtv.com\/index.php?rest_route=\/wp\/v2\/posts\/78806\/revisions"}],"predecessor-version":[{"id":78808,"href":"https:\/\/www.egemtv.com\/index.php?rest_route=\/wp\/v2\/posts\/78806\/revisions\/78808"}],"wp:featuredmedia":[{"embeddable":true,"href":"https:\/\/www.egemtv.com\/index.php?rest_route=\/wp\/v2\/media\/78807"}],"wp:attachment":[{"href":"https:\/\/www.egemtv.com\/index.php?rest_route=%2Fwp%2Fv2%2Fmedia&parent=78806"}],"wp:term":[{"taxonomy":"category","embeddable":true,"href":"https:\/\/www.egemtv.com\/index.php?rest_route=%2Fwp%2Fv2%2Fcategories&post=78806"},{"taxonomy":"post_tag","embeddable":true,"href":"https:\/\/www.egemtv.com\/index.php?rest_route=%2Fwp%2Fv2%2Ftags&post=78806"}],"curies":[{"name":"wp","href":"https:\/\/api.w.org\/{rel}","templated":true}]}}