{"id":78803,"date":"2026-01-06T10:14:56","date_gmt":"2026-01-06T07:14:56","guid":{"rendered":"https:\/\/www.egemtv.com\/?p=78803"},"modified":"2026-01-06T10:14:57","modified_gmt":"2026-01-06T07:14:57","slug":"cesitli-suclardan-aranan-24-kisiyi-jandarma-yakaladi","status":"publish","type":"post","link":"https:\/\/www.egemtv.com\/?p=78803","title":{"rendered":"\u00c7e\u015fitli su\u00e7lardan aranan 24 ki\u015fiyi jandarma yakalad\u0131"},"content":{"rendered":"<p>Afyonkarahisar\u2019da \u00e7e\u015fitli su\u00e7lardan aranan 24 ki\u015fi Jandarma taraf\u0131ndan yakalan\u0131rken \u015fah\u0131slardan 5\u2019i sevk edildikleri mahkeme taraf\u0131ndan tutuklanarak cezaevine g\u00f6nderildi.<br \/>\n<br \/>Edinilen bilgilere g\u00f6re, Afyonkarahisar \u0130l Jandarma Komutanl\u0131\u011f\u0131 taraf\u0131ndan aranan \u015fah\u0131slar\u0131n yakalanmas\u0131na y\u00f6nelik yol kontrol \u00e7al\u0131\u015fmas\u0131 yap\u0131ld\u0131. Ger\u00e7ekle\u015ftirilen denetimlerde \u00e7e\u015fitli su\u00e7lardan aranan 24 ki\u015fi g\u00f6zalt\u0131na al\u0131nd\u0131. \u015eah\u0131slardan 5 i\u015flemleri sonras\u0131 sevk edildikleri mahkemeler taraf\u0131ndan tutuklanarak cezaevine g\u00f6nderildi.<br \/><\/p>\n","protected":false},"excerpt":{"rendered":"<p>Afyonkarahisar\u2019da \u00e7e\u015fitli su\u00e7lardan aranan 24 ki\u015fi Jandarma taraf\u0131ndan yakalan\u0131rken \u015fah\u0131slardan 5\u2019i sevk edildikleri mahkeme taraf\u0131ndan tutuklanarak cezaevine g\u00f6nderildi. Edinilen bilgilere g\u00f6re, Afyonkarahisar \u0130l Jandarma Komutanl\u0131\u011f\u0131 taraf\u0131ndan aranan \u015fah\u0131slar\u0131n yakalanmas\u0131na y\u00f6nelik yol kontrol \u00e7al\u0131\u015fmas\u0131 yap\u0131ld\u0131. Ger\u00e7ekle\u015ftirilen denetimlerde \u00e7e\u015fitli su\u00e7lardan aranan 24 ki\u015fi g\u00f6zalt\u0131na al\u0131nd\u0131. \u015eah\u0131slardan 5 i\u015flemleri sonras\u0131 sevk edildikleri mahkemeler taraf\u0131ndan tutuklanarak cezaevine g\u00f6nderildi.<\/p>\n","protected":false},"author":1,"featured_media":78804,"comment_status":"open","ping_status":"open","sticky":false,"template":"","format":"standard","meta":{"_crdt_document":"","footnotes":""},"categories":[5],"tags":[],"class_list":["post-78803","post","type-post","status-publish","format-standard","has-post-thumbnail","hentry","category-asayis"],"_links":{"self":[{"href":"https:\/\/www.egemtv.com\/index.php?rest_route=\/wp\/v2\/posts\/78803","targetHints":{"allow":["GET"]}}],"collection":[{"href":"https:\/\/www.egemtv.com\/index.php?rest_route=\/wp\/v2\/posts"}],"about":[{"href":"https:\/\/www.egemtv.com\/index.php?rest_route=\/wp\/v2\/types\/post"}],"author":[{"embeddable":true,"href":"https:\/\/www.egemtv.com\/index.php?rest_route=\/wp\/v2\/users\/1"}],"replies":[{"embeddable":true,"href":"https:\/\/www.egemtv.com\/index.php?rest_route=%2Fwp%2Fv2%2Fcomments&post=78803"}],"version-history":[{"count":1,"href":"https:\/\/www.egemtv.com\/index.php?rest_route=\/wp\/v2\/posts\/78803\/revisions"}],"predecessor-version":[{"id":78805,"href":"https:\/\/www.egemtv.com\/index.php?rest_route=\/wp\/v2\/posts\/78803\/revisions\/78805"}],"wp:featuredmedia":[{"embeddable":true,"href":"https:\/\/www.egemtv.com\/index.php?rest_route=\/wp\/v2\/media\/78804"}],"wp:attachment":[{"href":"https:\/\/www.egemtv.com\/index.php?rest_route=%2Fwp%2Fv2%2Fmedia&parent=78803"}],"wp:term":[{"taxonomy":"category","embeddable":true,"href":"https:\/\/www.egemtv.com\/index.php?rest_route=%2Fwp%2Fv2%2Fcategories&post=78803"},{"taxonomy":"post_tag","embeddable":true,"href":"https:\/\/www.egemtv.com\/index.php?rest_route=%2Fwp%2Fv2%2Ftags&post=78803"}],"curies":[{"name":"wp","href":"https:\/\/api.w.org\/{rel}","templated":true}]}}