{"id":78800,"date":"2026-01-06T10:14:54","date_gmt":"2026-01-06T07:14:54","guid":{"rendered":"https:\/\/www.egemtv.com\/?p=78800"},"modified":"2026-01-06T10:14:56","modified_gmt":"2026-01-06T07:14:56","slug":"uyusturucu-operasyonunda-bir-kisi-tutuklandi","status":"publish","type":"post","link":"https:\/\/www.egemtv.com\/?p=78800","title":{"rendered":"Uyu\u015fturucu operasyonunda bir ki\u015fi tutukland\u0131"},"content":{"rendered":"<p>Afyonkarahisar\u2019da polis taraf\u0131ndan ger\u00e7ekle\u015ftirilen uyu\u015fturucu operasyonunda bir adrese yap\u0131lan bask\u0131n da 495 adet uyu\u015fturucu hap ge\u00e7irildi.<br \/>\n<br \/>Edinilen bilgilere g\u00f6re, polis taraf\u0131ndan kent merkezinde torbac\u0131 diye adland\u0131r\u0131lan uyu\u015fturucu sat\u0131c\u0131lar\u0131na y\u00f6nelik operasyon yap\u0131ld\u0131. Operasyonda bask\u0131n yap\u0131lan bir adreste 495 adet uyu\u015fturucu hap ele ge\u00e7irildi. Olay\u0131n ard\u0131ndan D.Y., isimli \u015fah\u0131s polis taraf\u0131ndan g\u00f6zalt\u0131na al\u0131nd\u0131. \u015eah\u0131s i\u015flemlerinin ard\u0131ndan sevk edildi\u011fi mahkeme taraf\u0131ndan tutuklanarak cezaevine g\u00f6nderildi.<br \/><\/p>\n","protected":false},"excerpt":{"rendered":"<p>Afyonkarahisar\u2019da polis taraf\u0131ndan ger\u00e7ekle\u015ftirilen uyu\u015fturucu operasyonunda bir adrese yap\u0131lan bask\u0131n da 495 adet uyu\u015fturucu hap ge\u00e7irildi. Edinilen bilgilere g\u00f6re, polis taraf\u0131ndan kent merkezinde torbac\u0131 diye adland\u0131r\u0131lan uyu\u015fturucu sat\u0131c\u0131lar\u0131na y\u00f6nelik operasyon yap\u0131ld\u0131. Operasyonda bask\u0131n yap\u0131lan bir adreste 495 adet uyu\u015fturucu hap ele ge\u00e7irildi. Olay\u0131n ard\u0131ndan D.Y., isimli \u015fah\u0131s polis taraf\u0131ndan g\u00f6zalt\u0131na al\u0131nd\u0131. \u015eah\u0131s i\u015flemlerinin ard\u0131ndan sevk&#8230;<\/p>\n","protected":false},"author":1,"featured_media":78801,"comment_status":"open","ping_status":"open","sticky":false,"template":"","format":"standard","meta":{"_crdt_document":"","footnotes":""},"categories":[5],"tags":[],"class_list":["post-78800","post","type-post","status-publish","format-standard","has-post-thumbnail","hentry","category-asayis"],"_links":{"self":[{"href":"https:\/\/www.egemtv.com\/index.php?rest_route=\/wp\/v2\/posts\/78800","targetHints":{"allow":["GET"]}}],"collection":[{"href":"https:\/\/www.egemtv.com\/index.php?rest_route=\/wp\/v2\/posts"}],"about":[{"href":"https:\/\/www.egemtv.com\/index.php?rest_route=\/wp\/v2\/types\/post"}],"author":[{"embeddable":true,"href":"https:\/\/www.egemtv.com\/index.php?rest_route=\/wp\/v2\/users\/1"}],"replies":[{"embeddable":true,"href":"https:\/\/www.egemtv.com\/index.php?rest_route=%2Fwp%2Fv2%2Fcomments&post=78800"}],"version-history":[{"count":1,"href":"https:\/\/www.egemtv.com\/index.php?rest_route=\/wp\/v2\/posts\/78800\/revisions"}],"predecessor-version":[{"id":78802,"href":"https:\/\/www.egemtv.com\/index.php?rest_route=\/wp\/v2\/posts\/78800\/revisions\/78802"}],"wp:featuredmedia":[{"embeddable":true,"href":"https:\/\/www.egemtv.com\/index.php?rest_route=\/wp\/v2\/media\/78801"}],"wp:attachment":[{"href":"https:\/\/www.egemtv.com\/index.php?rest_route=%2Fwp%2Fv2%2Fmedia&parent=78800"}],"wp:term":[{"taxonomy":"category","embeddable":true,"href":"https:\/\/www.egemtv.com\/index.php?rest_route=%2Fwp%2Fv2%2Fcategories&post=78800"},{"taxonomy":"post_tag","embeddable":true,"href":"https:\/\/www.egemtv.com\/index.php?rest_route=%2Fwp%2Fv2%2Ftags&post=78800"}],"curies":[{"name":"wp","href":"https:\/\/api.w.org\/{rel}","templated":true}]}}