{"id":78797,"date":"2026-01-06T09:54:44","date_gmt":"2026-01-06T06:54:44","guid":{"rendered":"https:\/\/www.egemtv.com\/?p=78797"},"modified":"2026-01-06T09:54:45","modified_gmt":"2026-01-06T06:54:45","slug":"kutahyada-sogep-kapsamindaki-sanal-gerceklik-ile-kaynakcilik-projesi-tanitildi","status":"publish","type":"post","link":"https:\/\/www.egemtv.com\/?p=78797","title":{"rendered":"K\u00fctahya\u2019da SOGEP kapsam\u0131ndaki &#8220;Sanal Ger\u00e7eklik ile Kaynak\u00e7\u0131l\u0131k&#8221; projesi tan\u0131t\u0131ld\u0131"},"content":{"rendered":"<p>K\u00fctahya Valisi Musa I\u015f\u0131n, K\u00fctahya Ticaret ve Sanayi Odas\u0131\u2019n\u0131 (KUTSO) ziyaret ederek oda b\u00fcnyesinde y\u00fcr\u00fct\u00fclen proje ve \u00e7al\u0131\u015fmalar hakk\u0131nda bilgi ald\u0131.<br \/>\n<br \/>Ziyaret kapsam\u0131nda; Y\u00f6netim Kurulu Ba\u015fkan Vekili Emin Y\u00fcce, Meclis Ba\u015fkan\u0131 Harun Yurdag\u00fcl, Meclis Ba\u015fkan Yard\u0131mc\u0131s\u0131 U\u011fur K\u0131rdar, Y\u00fcksel Kaya ve KUTSO Genel Sekreteri Feyyaz Ebeo\u011flu taraf\u0131ndan, Sosyal Geli\u015fmeyi Destekleme Program\u0131 (SOGEP) \u00e7er\u00e7evesinde hayata ge\u00e7irilen &#8220;Sanal Ger\u00e7eklik ile Kaynak\u00e7\u0131l\u0131k: Ger\u00e7ek\u00e7i Deneyimler, Kal\u0131c\u0131 Beceriler&#8221; projesi Vali I\u015f\u0131n\u2019a tan\u0131t\u0131ld\u0131.<br \/>\n<br \/>K\u00fctahya Ticaret ve Sanayi Odas\u0131\u2019n\u0131n ba\u015fvuru sahibi oldu\u011fu projede; K\u00fctahya Organize Sanayi B\u00f6lgesi ile K\u00fctahya 30 A\u011fustos Organize Sanayi B\u00f6lgesi ortak olarak yer al\u0131rken, \u0130stanbul Gedik \u00dcniversitesi ise i\u015ftirak\u00e7i kurum olarak projeye katk\u0131 sa\u011fl\u0131yor. Sanayi ve Teknoloji Bakanl\u0131\u011f\u0131 taraf\u0131ndan onaylanan proje, Zafer Kalk\u0131nma Ajans\u0131 arac\u0131l\u0131\u011f\u0131yla desteklenmeye hak kazand\u0131. Proje, KUTSO\u2019nun ba\u015fvurusu sonucunda destek alan ilk SOGEP projesi olma \u00f6zelli\u011fini ta\u015f\u0131yor.<br \/>\n<br \/>Ziyaretin devam\u0131nda Vali Musa I\u015f\u0131n, KUTSO b\u00fcnyesinde kurulan kaynak at\u00f6lyesinde sanal ger\u00e7eklik destekli kaynak\u00e7\u0131l\u0131k e\u011fitimleri hakk\u0131nda yetkililerden bilgi ald\u0131. Projenin, nitelikli i\u015f g\u00fcc\u00fcn\u00fcn yeti\u015ftirilmesine ve sanayinin ihtiya\u00e7 duydu\u011fu mesleki becerilerin kazand\u0131r\u0131lmas\u0131na \u00f6nemli katk\u0131lar sa\u011flayaca\u011f\u0131n\u0131 ifade eden Vali I\u015f\u0131n, projede eme\u011fi ge\u00e7en t\u00fcm kurum ve kurulu\u015flara te\u015fekk\u00fcr etti.<br \/><\/p>\n","protected":false},"excerpt":{"rendered":"<p>K\u00fctahya Valisi Musa I\u015f\u0131n, K\u00fctahya Ticaret ve Sanayi Odas\u0131\u2019n\u0131 (KUTSO) ziyaret ederek oda b\u00fcnyesinde y\u00fcr\u00fct\u00fclen proje ve \u00e7al\u0131\u015fmalar hakk\u0131nda bilgi ald\u0131. Ziyaret kapsam\u0131nda; Y\u00f6netim Kurulu Ba\u015fkan Vekili Emin Y\u00fcce, Meclis Ba\u015fkan\u0131 Harun Yurdag\u00fcl, Meclis Ba\u015fkan Yard\u0131mc\u0131s\u0131 U\u011fur K\u0131rdar, Y\u00fcksel Kaya ve KUTSO Genel Sekreteri Feyyaz Ebeo\u011flu taraf\u0131ndan, Sosyal Geli\u015fmeyi Destekleme Program\u0131 (SOGEP) \u00e7er\u00e7evesinde hayata ge\u00e7irilen&#8230;<\/p>\n","protected":false},"author":1,"featured_media":78798,"comment_status":"open","ping_status":"open","sticky":false,"template":"","format":"standard","meta":{"_crdt_document":"","footnotes":""},"categories":[1],"tags":[],"class_list":["post-78797","post","type-post","status-publish","format-standard","has-post-thumbnail","hentry","category-guncel"],"_links":{"self":[{"href":"https:\/\/www.egemtv.com\/index.php?rest_route=\/wp\/v2\/posts\/78797","targetHints":{"allow":["GET"]}}],"collection":[{"href":"https:\/\/www.egemtv.com\/index.php?rest_route=\/wp\/v2\/posts"}],"about":[{"href":"https:\/\/www.egemtv.com\/index.php?rest_route=\/wp\/v2\/types\/post"}],"author":[{"embeddable":true,"href":"https:\/\/www.egemtv.com\/index.php?rest_route=\/wp\/v2\/users\/1"}],"replies":[{"embeddable":true,"href":"https:\/\/www.egemtv.com\/index.php?rest_route=%2Fwp%2Fv2%2Fcomments&post=78797"}],"version-history":[{"count":1,"href":"https:\/\/www.egemtv.com\/index.php?rest_route=\/wp\/v2\/posts\/78797\/revisions"}],"predecessor-version":[{"id":78799,"href":"https:\/\/www.egemtv.com\/index.php?rest_route=\/wp\/v2\/posts\/78797\/revisions\/78799"}],"wp:featuredmedia":[{"embeddable":true,"href":"https:\/\/www.egemtv.com\/index.php?rest_route=\/wp\/v2\/media\/78798"}],"wp:attachment":[{"href":"https:\/\/www.egemtv.com\/index.php?rest_route=%2Fwp%2Fv2%2Fmedia&parent=78797"}],"wp:term":[{"taxonomy":"category","embeddable":true,"href":"https:\/\/www.egemtv.com\/index.php?rest_route=%2Fwp%2Fv2%2Fcategories&post=78797"},{"taxonomy":"post_tag","embeddable":true,"href":"https:\/\/www.egemtv.com\/index.php?rest_route=%2Fwp%2Fv2%2Ftags&post=78797"}],"curies":[{"name":"wp","href":"https:\/\/api.w.org\/{rel}","templated":true}]}}