{"id":78794,"date":"2026-01-06T09:54:44","date_gmt":"2026-01-06T06:54:44","guid":{"rendered":"https:\/\/www.egemtv.com\/?p=78794"},"modified":"2026-01-06T09:54:44","modified_gmt":"2026-01-06T06:54:44","slug":"ulada-bocce-kurslari-dort-mevsim-suruyor","status":"publish","type":"post","link":"https:\/\/www.egemtv.com\/?p=78794","title":{"rendered":"Ula\u2019da bocce kurslar\u0131 d\u00f6rt mevsim s\u00fcr\u00fcyor"},"content":{"rendered":"<p>Ula Kaymakaml\u0131\u011f\u0131 himayesinde y\u00fcr\u00fct\u00fclen spor projeleri meyvelerini verirken, Ula Gen\u00e7lik ve Spor \u0130l\u00e7e M\u00fcd\u00fcrl\u00fc\u011f\u00fc b\u00fcnyesinde a\u00e7\u0131lan Bocce kurslar\u0131 her ya\u015ftan \u00f6\u011frencinin kat\u0131l\u0131m\u0131yla d\u00f6rt mevsim aral\u0131ks\u0131z devam ediyor.<\/p>\n<p>Ula\u2019da spor k\u00fclt\u00fcr\u00fcn\u00fc tabana yaymak ve \u00e7ocuklar\u0131 k\u00f6t\u00fc al\u0131\u015fkanl\u0131klardan uzak tutmak amac\u0131yla ba\u015flat\u0131lan Bocce e\u011fitimleri, ilkokul, ortaokul ve lise \u00f6\u011frencilerinden yo\u011fun ilgi g\u00f6r\u00fcyor. Uzman antren\u00f6rler e\u015fli\u011finde ger\u00e7ekle\u015ftirilen antrenmanlar, \u00e7ocuklar\u0131n hem fiziksel hem de sosyal geli\u015fimlerine b\u00fcy\u00fck katk\u0131 sa\u011fl\u0131yor. Alan\u0131nda uzman antren\u00f6rler taraf\u0131ndan verilen e\u011fitimlerde \u00f6\u011frencilere sadece oyunun kurallar\u0131 de\u011fil, ayn\u0131 zamanda stratejik d\u00fc\u015f\u00fcnme becerisi de kazand\u0131r\u0131l\u0131yor. \u00c7al\u0131\u015fmalarda \u015fu unsurlar \u00f6n plana \u00e7\u0131k\u0131yor teknik ve strateji, karakter e\u011fitimi, sosyal seli\u015fim \u00f6n plana \u00e7\u0131k\u0131yor.<\/p>\n<p>D\u00fczenli yap\u0131lan bu \u00e7al\u0131\u015fmalar sayesinde \u00e7ocuklar, okul d\u0131\u015f\u0131 zamanlar\u0131n\u0131 verimli bir \u015fekilde de\u011ferlendirirken, \u00e7a\u011f\u0131m\u0131z\u0131n sorunu olan teknoloji ba\u011f\u0131ml\u0131l\u0131\u011f\u0131ndan da uzakla\u015f\u0131yor. Sa\u011fl\u0131kl\u0131 bir ortamda sosyalle\u015fme imk\u00e2n\u0131 bulan \u00f6\u011frencilerin, arkada\u015fl\u0131k ba\u011flar\u0131n\u0131n g\u00fc\u00e7lendi\u011fi ve \u00f6zg\u00fcvenlerinin artt\u0131\u011f\u0131 g\u00f6zlemleniyor.<\/p>\n<p>Ula Gen\u00e7lik ve Spor \u0130l\u00e7e M\u00fcd\u00fcrl\u00fc\u011f\u00fc yetkilileri, \u00e7al\u0131\u015fmalar\u0131n temel amac\u0131n\u0131n yetenekli sporcular\u0131 ke\u015ffetmek oldu\u011funu vurgulayarak, &#8220;Bocce, her ya\u015f grubuna hitap eden kapsay\u0131c\u0131 bir bran\u015f. Amac\u0131m\u0131z sporu tabana yayarak, gelecekte il ve b\u00f6lge m\u00fcsabakalar\u0131nda il\u00e7emizi ba\u015far\u0131yla temsil edecek sporcular yeti\u015ftirmek&#8221; dedi.<\/p>\n<p>Yaz-k\u0131\u015f demeden devam eden antrenmanlar, veliler taraf\u0131ndan da b\u00fcy\u00fck bir memnuniyetle kar\u015f\u0131lan\u0131yor.<br \/><\/p>\n","protected":false},"excerpt":{"rendered":"<p>Ula Kaymakaml\u0131\u011f\u0131 himayesinde y\u00fcr\u00fct\u00fclen spor projeleri meyvelerini verirken, Ula Gen\u00e7lik ve Spor \u0130l\u00e7e M\u00fcd\u00fcrl\u00fc\u011f\u00fc b\u00fcnyesinde a\u00e7\u0131lan Bocce kurslar\u0131 her ya\u015ftan \u00f6\u011frencinin kat\u0131l\u0131m\u0131yla d\u00f6rt mevsim aral\u0131ks\u0131z devam ediyor. Ula\u2019da spor k\u00fclt\u00fcr\u00fcn\u00fc tabana yaymak ve \u00e7ocuklar\u0131 k\u00f6t\u00fc al\u0131\u015fkanl\u0131klardan uzak tutmak amac\u0131yla ba\u015flat\u0131lan Bocce e\u011fitimleri, ilkokul, ortaokul ve lise \u00f6\u011frencilerinden yo\u011fun ilgi g\u00f6r\u00fcyor. Uzman antren\u00f6rler e\u015fli\u011finde ger\u00e7ekle\u015ftirilen antrenmanlar,&#8230;<\/p>\n","protected":false},"author":1,"featured_media":78795,"comment_status":"open","ping_status":"open","sticky":false,"template":"","format":"standard","meta":{"_crdt_document":"","footnotes":""},"categories":[4],"tags":[],"class_list":["post-78794","post","type-post","status-publish","format-standard","has-post-thumbnail","hentry","category-spor"],"_links":{"self":[{"href":"https:\/\/www.egemtv.com\/index.php?rest_route=\/wp\/v2\/posts\/78794","targetHints":{"allow":["GET"]}}],"collection":[{"href":"https:\/\/www.egemtv.com\/index.php?rest_route=\/wp\/v2\/posts"}],"about":[{"href":"https:\/\/www.egemtv.com\/index.php?rest_route=\/wp\/v2\/types\/post"}],"author":[{"embeddable":true,"href":"https:\/\/www.egemtv.com\/index.php?rest_route=\/wp\/v2\/users\/1"}],"replies":[{"embeddable":true,"href":"https:\/\/www.egemtv.com\/index.php?rest_route=%2Fwp%2Fv2%2Fcomments&post=78794"}],"version-history":[{"count":1,"href":"https:\/\/www.egemtv.com\/index.php?rest_route=\/wp\/v2\/posts\/78794\/revisions"}],"predecessor-version":[{"id":78796,"href":"https:\/\/www.egemtv.com\/index.php?rest_route=\/wp\/v2\/posts\/78794\/revisions\/78796"}],"wp:featuredmedia":[{"embeddable":true,"href":"https:\/\/www.egemtv.com\/index.php?rest_route=\/wp\/v2\/media\/78795"}],"wp:attachment":[{"href":"https:\/\/www.egemtv.com\/index.php?rest_route=%2Fwp%2Fv2%2Fmedia&parent=78794"}],"wp:term":[{"taxonomy":"category","embeddable":true,"href":"https:\/\/www.egemtv.com\/index.php?rest_route=%2Fwp%2Fv2%2Fcategories&post=78794"},{"taxonomy":"post_tag","embeddable":true,"href":"https:\/\/www.egemtv.com\/index.php?rest_route=%2Fwp%2Fv2%2Ftags&post=78794"}],"curies":[{"name":"wp","href":"https:\/\/api.w.org\/{rel}","templated":true}]}}