{"id":78791,"date":"2026-01-06T09:54:43","date_gmt":"2026-01-06T06:54:43","guid":{"rendered":"https:\/\/www.egemtv.com\/?p=78791"},"modified":"2026-01-06T09:54:44","modified_gmt":"2026-01-06T06:54:44","slug":"cine-kaymakami-erdogandan-jandarma-personeline-basari-belgesi","status":"publish","type":"post","link":"https:\/\/www.egemtv.com\/?p=78791","title":{"rendered":"\u00c7ine Kaymakam\u0131 Erdo\u011fan\u2019dan jandarma personeline ba\u015far\u0131 belgesi"},"content":{"rendered":"<p>\u00c7ine Kaymakam\u0131 Ali Erdo\u011fan, il\u00e7ede genel g\u00fcvenlik, asayi\u015f ve kamu d\u00fczeninin sa\u011flanmas\u0131na y\u00f6nelik y\u00fcr\u00fct\u00fclen \u00e7al\u0131\u015fmalarda g\u00f6sterdikleri \u00f6zveri ve gayretlerden dolay\u0131 \u0130l\u00e7e Jandarma Komutan\u0131 Memi\u015f Ar\u0131 ve \u0130l\u00e7e Jandarma Komutanl\u0131\u011f\u0131 personeline ba\u015far\u0131 belgesi verdi.<\/p>\n<p>Kaymakaml\u0131k makam\u0131nda d\u00fczenlenen programda, jandarma te\u015fkilat\u0131n\u0131n il\u00e7ede huzur ve g\u00fcven ortam\u0131n\u0131n korunmas\u0131 ad\u0131na \u00fcstlendi\u011fi g\u00f6revlerin \u00f6nemine dikkat \u00e7ekildi. Kaymakam Erdo\u011fan, vatanda\u015flar\u0131n can ve mal g\u00fcvenli\u011finin sa\u011flanmas\u0131, su\u00e7 ve su\u00e7lularla etkin m\u00fccadele edilmesi noktas\u0131nda jandarma personelinin b\u00fcy\u00fck bir fedakarl\u0131kla g\u00f6rev yapt\u0131\u011f\u0131n\u0131 vurgulad\u0131. \u00d6zellikle k\u0131rsal mahallelerde y\u00fcr\u00fct\u00fclen g\u00fcvenlik hizmetleri, asayi\u015f uygulamalar\u0131 ve kamu d\u00fczeninin korunmas\u0131na y\u00f6nelik \u00e7al\u0131\u015fmalar\u0131n vatanda\u015flar taraf\u0131ndan da memnuniyetle kar\u015f\u0131land\u0131\u011f\u0131n\u0131 belirten Kaymakam Erdo\u011fan, jandarma te\u015fkilat\u0131n\u0131n devlet ile vatanda\u015f aras\u0131nda \u00f6nemli bir k\u00f6pr\u00fc vazifesi g\u00f6rd\u00fc\u011f\u00fcn\u00fc ifade etti.<\/p>\n<p>Ba\u015far\u0131 belgesi takdim edilen \u0130l\u00e7e Jandarma Komutan\u0131 Memi\u015f Ar\u0131 ve jandarma personelini tek tek tebrik eden Kaymakam Erdo\u011fan, bug\u00fcne kadar oldu\u011fu gibi bundan sonraki s\u00fcre\u00e7te de ayn\u0131 azim ve kararl\u0131l\u0131kla g\u00f6rev yapacaklar\u0131na inand\u0131\u011f\u0131n\u0131 dile getirdi. Kamu d\u00fczeninin korunmas\u0131n\u0131n ekip \u00e7al\u0131\u015fmas\u0131 ve disiplinli bir g\u00f6rev anlay\u0131\u015f\u0131yla m\u00fcmk\u00fcn oldu\u011funa dikkat \u00e7eken Kaymakam Erdo\u011fan, g\u00fcvenlik g\u00fc\u00e7lerinin her zaman yanlar\u0131nda olduklar\u0131n\u0131 belirtti.<\/p>\n<p>T\u00f6ren, ba\u015far\u0131 belgelerinin takdim edilmesi ve hat\u0131ra foto\u011fraf\u0131 \u00e7ekilmesiyle sona erdi.<br \/><\/p>\n","protected":false},"excerpt":{"rendered":"<p>\u00c7ine Kaymakam\u0131 Ali Erdo\u011fan, il\u00e7ede genel g\u00fcvenlik, asayi\u015f ve kamu d\u00fczeninin sa\u011flanmas\u0131na y\u00f6nelik y\u00fcr\u00fct\u00fclen \u00e7al\u0131\u015fmalarda g\u00f6sterdikleri \u00f6zveri ve gayretlerden dolay\u0131 \u0130l\u00e7e Jandarma Komutan\u0131 Memi\u015f Ar\u0131 ve \u0130l\u00e7e Jandarma Komutanl\u0131\u011f\u0131 personeline ba\u015far\u0131 belgesi verdi. Kaymakaml\u0131k makam\u0131nda d\u00fczenlenen programda, jandarma te\u015fkilat\u0131n\u0131n il\u00e7ede huzur ve g\u00fcven ortam\u0131n\u0131n korunmas\u0131 ad\u0131na \u00fcstlendi\u011fi g\u00f6revlerin \u00f6nemine dikkat \u00e7ekildi. Kaymakam Erdo\u011fan, vatanda\u015flar\u0131n can&#8230;<\/p>\n","protected":false},"author":1,"featured_media":78792,"comment_status":"open","ping_status":"open","sticky":false,"template":"","format":"standard","meta":{"_crdt_document":"","footnotes":""},"categories":[1],"tags":[],"class_list":["post-78791","post","type-post","status-publish","format-standard","has-post-thumbnail","hentry","category-guncel"],"_links":{"self":[{"href":"https:\/\/www.egemtv.com\/index.php?rest_route=\/wp\/v2\/posts\/78791","targetHints":{"allow":["GET"]}}],"collection":[{"href":"https:\/\/www.egemtv.com\/index.php?rest_route=\/wp\/v2\/posts"}],"about":[{"href":"https:\/\/www.egemtv.com\/index.php?rest_route=\/wp\/v2\/types\/post"}],"author":[{"embeddable":true,"href":"https:\/\/www.egemtv.com\/index.php?rest_route=\/wp\/v2\/users\/1"}],"replies":[{"embeddable":true,"href":"https:\/\/www.egemtv.com\/index.php?rest_route=%2Fwp%2Fv2%2Fcomments&post=78791"}],"version-history":[{"count":1,"href":"https:\/\/www.egemtv.com\/index.php?rest_route=\/wp\/v2\/posts\/78791\/revisions"}],"predecessor-version":[{"id":78793,"href":"https:\/\/www.egemtv.com\/index.php?rest_route=\/wp\/v2\/posts\/78791\/revisions\/78793"}],"wp:featuredmedia":[{"embeddable":true,"href":"https:\/\/www.egemtv.com\/index.php?rest_route=\/wp\/v2\/media\/78792"}],"wp:attachment":[{"href":"https:\/\/www.egemtv.com\/index.php?rest_route=%2Fwp%2Fv2%2Fmedia&parent=78791"}],"wp:term":[{"taxonomy":"category","embeddable":true,"href":"https:\/\/www.egemtv.com\/index.php?rest_route=%2Fwp%2Fv2%2Fcategories&post=78791"},{"taxonomy":"post_tag","embeddable":true,"href":"https:\/\/www.egemtv.com\/index.php?rest_route=%2Fwp%2Fv2%2Ftags&post=78791"}],"curies":[{"name":"wp","href":"https:\/\/api.w.org\/{rel}","templated":true}]}}