{"id":78788,"date":"2026-01-06T09:54:42","date_gmt":"2026-01-06T06:54:42","guid":{"rendered":"https:\/\/www.egemtv.com\/?p=78788"},"modified":"2026-01-06T09:54:43","modified_gmt":"2026-01-06T06:54:43","slug":"mugla-il-milli-egitim-muduru-cay-ogrenci-ve-ogretmenlerle-bir-araya-geldi","status":"publish","type":"post","link":"https:\/\/www.egemtv.com\/?p=78788","title":{"rendered":"Mu\u011fla \u0130l Milli E\u011fitim M\u00fcd\u00fcr\u00fc \u00e7ay \u00f6\u011frenci ve \u00f6\u011fretmenlerle bir araya geldi"},"content":{"rendered":"<p>Mu\u011fla \u0130l Milli E\u011fitim M\u00fcd\u00fcr\u00fc Emre \u00c7ay, okul ziyaretleri kapsam\u0131nda Turgutreis Anadolu Lisesi\u2019ni ziyaret ederek \u00f6\u011fretmen ve idarecilerle bir araya geldi.<\/p>\n<p>Ziyaret s\u0131ras\u0131nda, e\u011fitim g\u00fcndeminin ana maddesi olan T\u00fcrkiye Y\u00fczy\u0131l\u0131 Maarif Modeli rehberli\u011finde y\u00fcr\u00fct\u00fclen \u00e7al\u0131\u015fmalar masaya yat\u0131r\u0131ld\u0131. Okulun akademik hedefleri, devam eden projeleri ve e\u011fitim-\u00f6\u011fretim s\u00fcre\u00e7leri hakk\u0131nda detayl\u0131 de\u011ferlendirmelerde bulunuldu. \u00d6\u011fretmenler odas\u0131nda ger\u00e7ekle\u015ftirilen bulu\u015fmada, \u00f6\u011fretmenlerin g\u00f6r\u00fc\u015f ve \u00f6nerilerini tek tek dinleyen \u0130l M\u00fcd\u00fcr\u00fc Emre \u00c7ay, e\u011fitimde niteli\u011fi art\u0131rman\u0131n ancak ortak bir vizyonla m\u00fcmk\u00fcn olaca\u011f\u0131n\u0131 belirtti. M\u00fcd\u00fcr \u00c7ay okulda y\u00fcr\u00fct\u00fclen \u00f6zverili \u00e7al\u0131\u015fmalardan duydu\u011fu memnuniyeti dile getirdi. Ziyaretin sonunda Emre \u00c7ay, &#8220;Gelece\u011fimizin teminat\u0131 gen\u00e7lerimiz i\u00e7in sergiledi\u011finiz fedakarl\u0131klar takdire \u015fayand\u0131r&#8221; diyerek t\u00fcm \u00f6\u011fretmenlere te\u015fekk\u00fcr etti ve yeni d\u00f6nem \u00e7al\u0131\u015fmalar\u0131nda ba\u015far\u0131lar diledi.<br \/><\/p>\n","protected":false},"excerpt":{"rendered":"<p>Mu\u011fla \u0130l Milli E\u011fitim M\u00fcd\u00fcr\u00fc Emre \u00c7ay, okul ziyaretleri kapsam\u0131nda Turgutreis Anadolu Lisesi\u2019ni ziyaret ederek \u00f6\u011fretmen ve idarecilerle bir araya geldi. Ziyaret s\u0131ras\u0131nda, e\u011fitim g\u00fcndeminin ana maddesi olan T\u00fcrkiye Y\u00fczy\u0131l\u0131 Maarif Modeli rehberli\u011finde y\u00fcr\u00fct\u00fclen \u00e7al\u0131\u015fmalar masaya yat\u0131r\u0131ld\u0131. Okulun akademik hedefleri, devam eden projeleri ve e\u011fitim-\u00f6\u011fretim s\u00fcre\u00e7leri hakk\u0131nda detayl\u0131 de\u011ferlendirmelerde bulunuldu. \u00d6\u011fretmenler odas\u0131nda ger\u00e7ekle\u015ftirilen bulu\u015fmada, \u00f6\u011fretmenlerin&#8230;<\/p>\n","protected":false},"author":1,"featured_media":78789,"comment_status":"open","ping_status":"open","sticky":false,"template":"","format":"standard","meta":{"_crdt_document":"","footnotes":""},"categories":[1],"tags":[],"class_list":["post-78788","post","type-post","status-publish","format-standard","has-post-thumbnail","hentry","category-guncel"],"_links":{"self":[{"href":"https:\/\/www.egemtv.com\/index.php?rest_route=\/wp\/v2\/posts\/78788","targetHints":{"allow":["GET"]}}],"collection":[{"href":"https:\/\/www.egemtv.com\/index.php?rest_route=\/wp\/v2\/posts"}],"about":[{"href":"https:\/\/www.egemtv.com\/index.php?rest_route=\/wp\/v2\/types\/post"}],"author":[{"embeddable":true,"href":"https:\/\/www.egemtv.com\/index.php?rest_route=\/wp\/v2\/users\/1"}],"replies":[{"embeddable":true,"href":"https:\/\/www.egemtv.com\/index.php?rest_route=%2Fwp%2Fv2%2Fcomments&post=78788"}],"version-history":[{"count":1,"href":"https:\/\/www.egemtv.com\/index.php?rest_route=\/wp\/v2\/posts\/78788\/revisions"}],"predecessor-version":[{"id":78790,"href":"https:\/\/www.egemtv.com\/index.php?rest_route=\/wp\/v2\/posts\/78788\/revisions\/78790"}],"wp:featuredmedia":[{"embeddable":true,"href":"https:\/\/www.egemtv.com\/index.php?rest_route=\/wp\/v2\/media\/78789"}],"wp:attachment":[{"href":"https:\/\/www.egemtv.com\/index.php?rest_route=%2Fwp%2Fv2%2Fmedia&parent=78788"}],"wp:term":[{"taxonomy":"category","embeddable":true,"href":"https:\/\/www.egemtv.com\/index.php?rest_route=%2Fwp%2Fv2%2Fcategories&post=78788"},{"taxonomy":"post_tag","embeddable":true,"href":"https:\/\/www.egemtv.com\/index.php?rest_route=%2Fwp%2Fv2%2Ftags&post=78788"}],"curies":[{"name":"wp","href":"https:\/\/api.w.org\/{rel}","templated":true}]}}