{"id":78785,"date":"2026-01-06T09:54:41","date_gmt":"2026-01-06T06:54:41","guid":{"rendered":"https:\/\/www.egemtv.com\/?p=78785"},"modified":"2026-01-06T09:54:42","modified_gmt":"2026-01-06T06:54:42","slug":"coruhlu-fk-yasin-oztekini-kadrosuna-katti","status":"publish","type":"post","link":"https:\/\/www.egemtv.com\/?p=78785","title":{"rendered":"\u00c7oruhlu FK, Yasin \u00d6ztekin\u2019i kadrosuna katt\u0131"},"content":{"rendered":"<p>\u0130zmir \u00c7oruhlu FK, son olarak Yalova FK formas\u0131 giyen 38 ya\u015f\u0131ndaki kanat oyuncusu Yasin \u00d6ztekin\u2019i kadrosuna katt\u0131.<br \/>\n<br \/>TFF 3. Lig 4. Grup\u2019ta m\u00fccadele eden \u0130zmir \u00c7oruhlu FK, ara transfer d\u00f6neminde kadrosunu g\u00fc\u00e7lendirmek i\u00e7in \u00e7al\u0131\u015fmalara h\u0131z verdi. Turuncu-siyahl\u0131 ekip, bu do\u011frultuda son olarak Yalova FK formas\u0131 giyen 38 ya\u015f\u0131ndaki kanat oyuncusu Yasin \u00d6ztekin\u2019i renklerine ba\u011flad\u0131. Konuyla ilgili yap\u0131lan a\u00e7\u0131klamada, &#8220;Kul\u00fcb\u00fcm\u00fcz devre aras\u0131 transfer \u00e7al\u0131\u015fmalar\u0131 kapsam\u0131nda tecr\u00fcbeli y\u0131ld\u0131z futbolcu Yasin \u00d6ztekin ile anla\u015fmaya varm\u0131\u015ft\u0131r. Ba\u015fkan Ahmet \u00c7oruhlu ile ger\u00e7ekle\u015fen anla\u015fma camiam\u0131za hay\u0131rl\u0131 olsun&#8221; ifadeleri kullan\u0131ld\u0131.<br \/>\n<br \/>\u00d6te yandan \u0130zmir \u00c7oruhlu FK, Yasin \u00d6ztekin\u2019ini ard\u0131ndan 2007 do\u011fumlu orta saha oyuncusu Salih Tokg\u00f6z\u2019\u00fc de transfer etti\u011fini duyurdu.<br \/><\/p>\n","protected":false},"excerpt":{"rendered":"<p>\u0130zmir \u00c7oruhlu FK, son olarak Yalova FK formas\u0131 giyen 38 ya\u015f\u0131ndaki kanat oyuncusu Yasin \u00d6ztekin\u2019i kadrosuna katt\u0131. TFF 3. Lig 4. Grup\u2019ta m\u00fccadele eden \u0130zmir \u00c7oruhlu FK, ara transfer d\u00f6neminde kadrosunu g\u00fc\u00e7lendirmek i\u00e7in \u00e7al\u0131\u015fmalara h\u0131z verdi. Turuncu-siyahl\u0131 ekip, bu do\u011frultuda son olarak Yalova FK formas\u0131 giyen 38 ya\u015f\u0131ndaki kanat oyuncusu Yasin \u00d6ztekin\u2019i renklerine ba\u011flad\u0131. Konuyla&#8230;<\/p>\n","protected":false},"author":1,"featured_media":78786,"comment_status":"open","ping_status":"open","sticky":false,"template":"","format":"standard","meta":{"_crdt_document":"","footnotes":""},"categories":[4],"tags":[],"class_list":["post-78785","post","type-post","status-publish","format-standard","has-post-thumbnail","hentry","category-spor"],"_links":{"self":[{"href":"https:\/\/www.egemtv.com\/index.php?rest_route=\/wp\/v2\/posts\/78785","targetHints":{"allow":["GET"]}}],"collection":[{"href":"https:\/\/www.egemtv.com\/index.php?rest_route=\/wp\/v2\/posts"}],"about":[{"href":"https:\/\/www.egemtv.com\/index.php?rest_route=\/wp\/v2\/types\/post"}],"author":[{"embeddable":true,"href":"https:\/\/www.egemtv.com\/index.php?rest_route=\/wp\/v2\/users\/1"}],"replies":[{"embeddable":true,"href":"https:\/\/www.egemtv.com\/index.php?rest_route=%2Fwp%2Fv2%2Fcomments&post=78785"}],"version-history":[{"count":1,"href":"https:\/\/www.egemtv.com\/index.php?rest_route=\/wp\/v2\/posts\/78785\/revisions"}],"predecessor-version":[{"id":78787,"href":"https:\/\/www.egemtv.com\/index.php?rest_route=\/wp\/v2\/posts\/78785\/revisions\/78787"}],"wp:featuredmedia":[{"embeddable":true,"href":"https:\/\/www.egemtv.com\/index.php?rest_route=\/wp\/v2\/media\/78786"}],"wp:attachment":[{"href":"https:\/\/www.egemtv.com\/index.php?rest_route=%2Fwp%2Fv2%2Fmedia&parent=78785"}],"wp:term":[{"taxonomy":"category","embeddable":true,"href":"https:\/\/www.egemtv.com\/index.php?rest_route=%2Fwp%2Fv2%2Fcategories&post=78785"},{"taxonomy":"post_tag","embeddable":true,"href":"https:\/\/www.egemtv.com\/index.php?rest_route=%2Fwp%2Fv2%2Ftags&post=78785"}],"curies":[{"name":"wp","href":"https:\/\/api.w.org\/{rel}","templated":true}]}}