{"id":78782,"date":"2026-01-06T09:34:57","date_gmt":"2026-01-06T06:34:57","guid":{"rendered":"https:\/\/www.egemtv.com\/?p=78782"},"modified":"2026-01-06T09:34:58","modified_gmt":"2026-01-06T06:34:58","slug":"turkiyenin-15inci-cozgem-birimi-kutahyada-hizmete-acildi","status":"publish","type":"post","link":"https:\/\/www.egemtv.com\/?p=78782","title":{"rendered":"T\u00fcrkiye\u2019nin 15\u2019inci \u00c7\u00d6ZGEM Birimi K\u00fctahya\u2019da hizmete a\u00e7\u0131ld\u0131"},"content":{"rendered":"<p>K\u00fctahya Evliya \u00c7elebi E\u011fitim ve Ara\u015ft\u0131rma Hastanesi Vefa Yerle\u015fkesi b\u00fcnyesinde kurulan \u00c7ok Disiplinli \u00c7ocuk ve Gen\u00e7 Ruh Sa\u011fl\u0131\u011f\u0131 Merkezi (\u00c7\u00d6ZGEM) kap\u0131lar\u0131n\u0131 a\u00e7t\u0131.<br \/>\n<br \/>T\u00fcrkiye genelinde hizmete giren 15\u2019inci \u00c7\u00d6ZGEM birimi olma \u00f6zelli\u011fini ta\u015f\u0131yan merkez, \u00f6zel ihtiya\u00e7l\u0131 \u00e7ocuk ve gen\u00e7lerin tan\u0131, tedavi ve rehabilitasyon s\u00fcre\u00e7lerini kolayla\u015ft\u0131rmay\u0131 hedefliyor. Merkezde, farkl\u0131 bran\u015flarda sunulan sa\u011fl\u0131k hizmetleri tek \u00e7at\u0131 alt\u0131nda toplanarak b\u00fcrokratik ve fiziksel engellerin en aza indirilmesi ama\u00e7lan\u0131yor.<br \/>\n<br \/>\u00dccretsiz ve b\u00fct\u00fcnc\u00fcl hizmetin \u00c7\u00d6ZGEM\u2019de \u00f6zel ihtiya\u00e7l\u0131 \u00e7ocuklara y\u00f6nelik t\u00fcm hizmetlerin \u00fccretsiz olarak sunulaca\u011f\u0131 belirtildi. Merkez, \u00e7ocuklar\u0131n bireysel ihtiya\u00e7lar\u0131na uygun \u015fekilde planlanan tan\u0131 ve tedavi s\u00fcre\u00e7leriyle hem \u00e7ocuklara hem de ailelerine kapsaml\u0131 destek sa\u011flayacak.<br \/>\n<br \/>Multidisipliner Ekip G\u00f6rev Yapacak Merkezde \u00e7ocuk psikiyatrisi uzmanlar\u0131n\u0131n koordinasyonunda; psikologlar, ergoterapistler, dil ve konu\u015fma terapistleri ile sosyal hizmet uzmanlar\u0131ndan olu\u015fan multidisipliner bir ekip g\u00f6rev yapacak. Uzmanlar, \u00e7ocuklar\u0131n geli\u015fimsel ve ruhsal ihtiya\u00e7lar\u0131n\u0131 b\u00fct\u00fcnc\u00fcl bir yakla\u015f\u0131mla ele alarak rehabilitasyon s\u00fcrecini y\u00fcr\u00fctecek.<br \/>\n<br \/>K\u00fctahya i\u00e7in \u00f6nemli bir sa\u011fl\u0131k yat\u0131r\u0131m\u0131 olarak de\u011ferlendirilen \u00c7\u00d6ZGEM\u2019in, \u015fehirdeki \u00f6zel ihtiya\u00e7l\u0131 \u00e7ocuklar ve aileleri i\u00e7in b\u00fcy\u00fck bir kazan\u0131m olmas\u0131 bekleniyor.<br \/><\/p>\n","protected":false},"excerpt":{"rendered":"<p>K\u00fctahya Evliya \u00c7elebi E\u011fitim ve Ara\u015ft\u0131rma Hastanesi Vefa Yerle\u015fkesi b\u00fcnyesinde kurulan \u00c7ok Disiplinli \u00c7ocuk ve Gen\u00e7 Ruh Sa\u011fl\u0131\u011f\u0131 Merkezi (\u00c7\u00d6ZGEM) kap\u0131lar\u0131n\u0131 a\u00e7t\u0131. T\u00fcrkiye genelinde hizmete giren 15\u2019inci \u00c7\u00d6ZGEM birimi olma \u00f6zelli\u011fini ta\u015f\u0131yan merkez, \u00f6zel ihtiya\u00e7l\u0131 \u00e7ocuk ve gen\u00e7lerin tan\u0131, tedavi ve rehabilitasyon s\u00fcre\u00e7lerini kolayla\u015ft\u0131rmay\u0131 hedefliyor. Merkezde, farkl\u0131 bran\u015flarda sunulan sa\u011fl\u0131k hizmetleri tek \u00e7at\u0131 alt\u0131nda toplanarak&#8230;<\/p>\n","protected":false},"author":1,"featured_media":78783,"comment_status":"open","ping_status":"open","sticky":false,"template":"","format":"standard","meta":{"_crdt_document":"","footnotes":""},"categories":[2],"tags":[],"class_list":["post-78782","post","type-post","status-publish","format-standard","has-post-thumbnail","hentry","category-saglik"],"_links":{"self":[{"href":"https:\/\/www.egemtv.com\/index.php?rest_route=\/wp\/v2\/posts\/78782","targetHints":{"allow":["GET"]}}],"collection":[{"href":"https:\/\/www.egemtv.com\/index.php?rest_route=\/wp\/v2\/posts"}],"about":[{"href":"https:\/\/www.egemtv.com\/index.php?rest_route=\/wp\/v2\/types\/post"}],"author":[{"embeddable":true,"href":"https:\/\/www.egemtv.com\/index.php?rest_route=\/wp\/v2\/users\/1"}],"replies":[{"embeddable":true,"href":"https:\/\/www.egemtv.com\/index.php?rest_route=%2Fwp%2Fv2%2Fcomments&post=78782"}],"version-history":[{"count":1,"href":"https:\/\/www.egemtv.com\/index.php?rest_route=\/wp\/v2\/posts\/78782\/revisions"}],"predecessor-version":[{"id":78784,"href":"https:\/\/www.egemtv.com\/index.php?rest_route=\/wp\/v2\/posts\/78782\/revisions\/78784"}],"wp:featuredmedia":[{"embeddable":true,"href":"https:\/\/www.egemtv.com\/index.php?rest_route=\/wp\/v2\/media\/78783"}],"wp:attachment":[{"href":"https:\/\/www.egemtv.com\/index.php?rest_route=%2Fwp%2Fv2%2Fmedia&parent=78782"}],"wp:term":[{"taxonomy":"category","embeddable":true,"href":"https:\/\/www.egemtv.com\/index.php?rest_route=%2Fwp%2Fv2%2Fcategories&post=78782"},{"taxonomy":"post_tag","embeddable":true,"href":"https:\/\/www.egemtv.com\/index.php?rest_route=%2Fwp%2Fv2%2Ftags&post=78782"}],"curies":[{"name":"wp","href":"https:\/\/api.w.org\/{rel}","templated":true}]}}