{"id":78779,"date":"2026-01-06T09:34:56","date_gmt":"2026-01-06T06:34:56","guid":{"rendered":"https:\/\/www.egemtv.com\/?p=78779"},"modified":"2026-01-06T09:34:57","modified_gmt":"2026-01-06T06:34:57","slug":"aksemsettin-kiz-anadolu-imam-hatip-lisesinde-ogrencilere-tohumlu-kalem-surprizi","status":"publish","type":"post","link":"https:\/\/www.egemtv.com\/?p=78779","title":{"rendered":"Ak\u015femsettin K\u0131z Anadolu \u0130mam Hatip Lisesi\u2019nde \u00f6\u011frencilere &#8220;Tohumlu Kalem&#8221; s\u00fcrprizi"},"content":{"rendered":"<p>K\u00fctahya Ak\u015femsettin K\u0131z Anadolu \u0130mam Hatip Lisesi\u2019nde \u00e7evre bilincini art\u0131rmaya y\u00f6nelik anlaml\u0131 bir fark\u0131ndal\u0131k \u00e7al\u0131\u015fmas\u0131 ger\u00e7ekle\u015ftirildi. Okul M\u00fcd\u00fcr\u00fc Vehbi Keler, 5. s\u0131n\u0131f \u00f6\u011frencilerine tohumlu kalem hediye ederek do\u011fa sevgisi ve s\u00fcrd\u00fcr\u00fclebilir ya\u015fam konusunda dikkat \u00e7ekici bir etkinli\u011fe imza att\u0131.<br \/>\n<br \/>Yaz\u0131m s\u00fcrecini tamamlad\u0131ktan sonra topra\u011fa ekildi\u011finde filizlenen bu \u00f6zel kalemler sayesinde \u00f6\u011frencilerin; do\u011fay\u0131 koruma, sorumluluk alma ve \u00e7evre duyarl\u0131l\u0131\u011f\u0131 konular\u0131nda k\u00fc\u00e7\u00fck ya\u015fta bilin\u00e7lenmesi hedefleniyor.<br \/>\n<br \/>Ger\u00e7ekle\u015ftirilen uygulama, Mill\u00ee E\u011fitim Bakanl\u0131\u011f\u0131\u2019n\u0131n &#8220;Ye\u015fil Vatan &#8211; Benim Okulum Gelece\u011fe \u00c7are&#8221; temas\u0131yla da \u00f6rt\u00fc\u015ferek \u00e7evre duyarl\u0131l\u0131\u011f\u0131n\u0131n okul k\u00fclt\u00fcr\u00fcn\u00fcn bir par\u00e7as\u0131 h\u00e2line gelmesine katk\u0131 sa\u011flad\u0131.<br \/>\n<br \/>Etkinlik kapsam\u0131nda \u00f6\u011frenciler hem do\u011faya katk\u0131 sunman\u0131n mutlulu\u011funu ya\u015fad\u0131 hem de ye\u015fil bir gelece\u011fin \u00f6nemini yak\u0131ndan deneyimleme f\u0131rsat\u0131 buldu. Minik ellerden filizlenecek her ye\u015fil umut, yar\u0131nlar i\u00e7in at\u0131lm\u0131\u015f k\u0131ymetli bir ad\u0131m olarak de\u011ferlendirildi.<br \/><\/p>\n","protected":false},"excerpt":{"rendered":"<p>K\u00fctahya Ak\u015femsettin K\u0131z Anadolu \u0130mam Hatip Lisesi\u2019nde \u00e7evre bilincini art\u0131rmaya y\u00f6nelik anlaml\u0131 bir fark\u0131ndal\u0131k \u00e7al\u0131\u015fmas\u0131 ger\u00e7ekle\u015ftirildi. Okul M\u00fcd\u00fcr\u00fc Vehbi Keler, 5. s\u0131n\u0131f \u00f6\u011frencilerine tohumlu kalem hediye ederek do\u011fa sevgisi ve s\u00fcrd\u00fcr\u00fclebilir ya\u015fam konusunda dikkat \u00e7ekici bir etkinli\u011fe imza att\u0131. Yaz\u0131m s\u00fcrecini tamamlad\u0131ktan sonra topra\u011fa ekildi\u011finde filizlenen bu \u00f6zel kalemler sayesinde \u00f6\u011frencilerin; do\u011fay\u0131 koruma, sorumluluk alma&#8230;<\/p>\n","protected":false},"author":1,"featured_media":78780,"comment_status":"open","ping_status":"open","sticky":false,"template":"","format":"standard","meta":{"_crdt_document":"","footnotes":""},"categories":[1],"tags":[],"class_list":["post-78779","post","type-post","status-publish","format-standard","has-post-thumbnail","hentry","category-guncel"],"_links":{"self":[{"href":"https:\/\/www.egemtv.com\/index.php?rest_route=\/wp\/v2\/posts\/78779","targetHints":{"allow":["GET"]}}],"collection":[{"href":"https:\/\/www.egemtv.com\/index.php?rest_route=\/wp\/v2\/posts"}],"about":[{"href":"https:\/\/www.egemtv.com\/index.php?rest_route=\/wp\/v2\/types\/post"}],"author":[{"embeddable":true,"href":"https:\/\/www.egemtv.com\/index.php?rest_route=\/wp\/v2\/users\/1"}],"replies":[{"embeddable":true,"href":"https:\/\/www.egemtv.com\/index.php?rest_route=%2Fwp%2Fv2%2Fcomments&post=78779"}],"version-history":[{"count":1,"href":"https:\/\/www.egemtv.com\/index.php?rest_route=\/wp\/v2\/posts\/78779\/revisions"}],"predecessor-version":[{"id":78781,"href":"https:\/\/www.egemtv.com\/index.php?rest_route=\/wp\/v2\/posts\/78779\/revisions\/78781"}],"wp:featuredmedia":[{"embeddable":true,"href":"https:\/\/www.egemtv.com\/index.php?rest_route=\/wp\/v2\/media\/78780"}],"wp:attachment":[{"href":"https:\/\/www.egemtv.com\/index.php?rest_route=%2Fwp%2Fv2%2Fmedia&parent=78779"}],"wp:term":[{"taxonomy":"category","embeddable":true,"href":"https:\/\/www.egemtv.com\/index.php?rest_route=%2Fwp%2Fv2%2Fcategories&post=78779"},{"taxonomy":"post_tag","embeddable":true,"href":"https:\/\/www.egemtv.com\/index.php?rest_route=%2Fwp%2Fv2%2Ftags&post=78779"}],"curies":[{"name":"wp","href":"https:\/\/api.w.org\/{rel}","templated":true}]}}