{"id":78776,"date":"2026-01-06T09:34:55","date_gmt":"2026-01-06T06:34:55","guid":{"rendered":"https:\/\/www.egemtv.com\/?p=78776"},"modified":"2026-01-06T09:34:56","modified_gmt":"2026-01-06T06:34:56","slug":"mesleki-egitim-tavsanlida-masaya-yatirildi","status":"publish","type":"post","link":"https:\/\/www.egemtv.com\/?p=78776","title":{"rendered":"Meslek\u00ee e\u011fitim Tav\u015fanl\u0131\u2019da masaya yat\u0131r\u0131ld\u0131"},"content":{"rendered":"<p>K\u00fctahya \u0130l Mill\u00ee E\u011fitim M\u00fcd\u00fcr\u00fc Mustafa Y\u0131lmaz, Tav\u015fanl\u0131 il\u00e7esinde, K\u00fctahya Milletvekili Mehmet Demir\u2019in kat\u0131l\u0131m\u0131yla, Tav\u015fanl\u0131 Ticaret ve Sanayi Odas\u0131 ev sahipli\u011finde d\u00fczenlenen &#8220;Meslek\u00ee E\u011fitim De\u011ferlendirme Toplant\u0131s\u0131&#8221;na kat\u0131ld\u0131.<br \/>\n<br \/>Toplant\u0131da, Tav\u015fanl\u0131 il\u00e7esinde meslek\u00ee ve teknik e\u011fitim alan\u0131nda y\u00fcr\u00fct\u00fclen mevcut \u00e7al\u0131\u015fmalar kapsaml\u0131 \u015fekilde ele al\u0131nd\u0131. Okullar b\u00fcnyesinde ger\u00e7ekle\u015ftirilen \u00fcretim faaliyetleri, d\u00f6ner sermaye kapsam\u0131nda yap\u0131lan imalatlar, kamu kurumlar\u0131na sunulan hizmetler ile hibe ve proje destekleri sayesinde kazand\u0131r\u0131lan teknolojik altyap\u0131lar de\u011ferlendirildi.<br \/>\n<br \/>K\u00fctahya \u0130l Mill\u00ee E\u011fitim M\u00fcd\u00fcr\u00fc Mustafa Y\u0131lmaz, meslek\u00ee e\u011fitimin yaln\u0131zca \u00fcretime dayal\u0131 de\u011fil; katma de\u011feri y\u00fcksek, yenilik\u00e7i ve s\u00fcrd\u00fcr\u00fclebilir bir anlay\u0131\u015fla ele al\u0131nmas\u0131 gerekti\u011fini vurgulad\u0131. Okul-sanayi i\u015f birliklerinin stratejik \u00f6nemine dikkat \u00e7eken Y\u0131lmaz, \u00f6\u011frencilerin sekt\u00f6rle erken ya\u015fta bulu\u015fturulmas\u0131n\u0131n ve \u00f6\u011fretmenlerin sanayi ile daha g\u00fc\u00e7l\u00fc bir etkile\u015fim i\u00e7inde olmas\u0131n\u0131n meslek\u00ee e\u011fitimin niteli\u011fini art\u0131raca\u011f\u0131n\u0131 ifade etti.<br \/>\n<br \/>Toplant\u0131da ayr\u0131ca; meslek liselerinin proje temelli olarak desteklenmesi, firmalarla yap\u0131lan e\u015fle\u015ftirmelerin art\u0131r\u0131lmas\u0131, Ar-Ge odakl\u0131 \u00e7al\u0131\u015fmalar\u0131n yayg\u0131nla\u015ft\u0131r\u0131lmas\u0131 ve \u00f6\u011frencilerin meslek\u00ee becerilerinin uygulama alanlar\u0131yla g\u00fc\u00e7lendirilmesine y\u00f6nelik planlamalar ele al\u0131nd\u0131. Meslek\u00ee e\u011fitimin s\u00fcrd\u00fcr\u00fclebilirli\u011fi a\u00e7\u0131s\u0131ndan, sekt\u00f6r ihtiya\u00e7lar\u0131 do\u011frultusunda alan ve dal bazl\u0131 planlamalar\u0131n \u00f6nemi vurguland\u0131.<br \/>\n<br \/>Ulusal ve uluslararas\u0131 projeler kapsam\u0131nda \u00f6\u011frencilerin yurt d\u0131\u015f\u0131 staj ve hareketlilik programlar\u0131na kat\u0131l\u0131m\u0131n\u0131n meslek\u00ee geli\u015fime \u00f6nemli katk\u0131lar sundu\u011fu belirtilirken, bu s\u00fcre\u00e7lerin deneyim payla\u015f\u0131m\u0131 ve iyi uygulama \u00f6rnekleriyle desteklenmesinin hedeflendi\u011fi ifade edildi.<br \/>\n<br \/>Kar\u015f\u0131l\u0131kl\u0131 g\u00f6r\u00fc\u015f al\u0131\u015fveri\u015fi ve de\u011ferlendirmelerin ard\u0131ndan toplant\u0131 sona erdi.<br \/>\n<br \/>Toplant\u0131 sonras\u0131 ger\u00e7ekle\u015ftirilen ziyaret kapsam\u0131nda; Tav\u015fanl\u0131 Meslek\u00ee ve Teknik Anadolu Lisesi b\u00fcnyesinde yap\u0131m\u0131 tamamlanan 24 s\u0131n\u0131fl\u0131 yeni okul binas\u0131 ile okul at\u00f6lyeleri gezildi. K\u00fctahya Milletvekili Mehmet Demir, \u0130l Mill\u00ee E\u011fitim M\u00fcd\u00fcr\u00fc Mustafa Y\u0131lmaz ve beraberindeki protokol \u00fcyeleri, e\u011fitim ortamlar\u0131n\u0131 yerinde inceleyerek okul y\u00f6netiminden y\u00fcr\u00fct\u00fclen \u00e7al\u0131\u015fmalar hakk\u0131nda bilgi ald\u0131.<br \/>\n<br \/>Ziyaret s\u0131ras\u0131nda \u00f6\u011frenci ve \u00f6\u011fretmenlerle bir araya gelen protokol \u00fcyeleri, \u00f6\u011frencilerin kendi tasarlay\u0131p \u00fcrettikleri \u00e7al\u0131\u015fmalar\u0131 inceledi. \u00d6\u011frenciler, y\u00fcr\u00fctt\u00fckleri uygulamalar ve projeler hakk\u0131nda bilgi verirken, sergilenen \u00e7al\u0131\u015fmalar kat\u0131l\u0131mc\u0131lar taraf\u0131ndan ilgiyle takip edildi.<br \/>\n<br \/>Toplant\u0131ya; K\u00fctahya Milletvekili Mehmet Demir, \u0130l Mill\u00ee E\u011fitim M\u00fcd\u00fcr\u00fc Mustafa Y\u0131lmaz, AK Parti Tav\u015fanl\u0131 \u0130l\u00e7e Ba\u015fkan\u0131 Himmet \u00d6zer, Tav\u015fanl\u0131 Ticaret ve Sanayi Odas\u0131 Ba\u015fkan\u0131 Davut Efe, Y\u00f6netim Kurulu \u00dcyeleri \u0130brahim Akp\u0131nar, Muhittin Uz ve Mehmet \u00d6zer, Tav\u015fanl\u0131 \u0130l\u00e7e Mill\u00ee E\u011fitim M\u00fcd\u00fcr\u00fc Ra\u015fit Refik K\u00fc\u00e7\u00fckk\u00e2\u011fn\u0131c\u0131, Mesleki ve Teknik E\u011fitim Hizmetleri \u015eube M\u00fcd\u00fcr\u00fc Ali Sezer ile Tav\u015fanl\u0131 \u0130l\u00e7e Mill\u00ee E\u011fitim \u015eube M\u00fcd\u00fcr\u00fc Murat \u015eahin kat\u0131ld\u0131.<br \/><\/p>\n","protected":false},"excerpt":{"rendered":"<p>K\u00fctahya \u0130l Mill\u00ee E\u011fitim M\u00fcd\u00fcr\u00fc Mustafa Y\u0131lmaz, Tav\u015fanl\u0131 il\u00e7esinde, K\u00fctahya Milletvekili Mehmet Demir\u2019in kat\u0131l\u0131m\u0131yla, Tav\u015fanl\u0131 Ticaret ve Sanayi Odas\u0131 ev sahipli\u011finde d\u00fczenlenen &#8220;Meslek\u00ee E\u011fitim De\u011ferlendirme Toplant\u0131s\u0131&#8221;na kat\u0131ld\u0131. Toplant\u0131da, Tav\u015fanl\u0131 il\u00e7esinde meslek\u00ee ve teknik e\u011fitim alan\u0131nda y\u00fcr\u00fct\u00fclen mevcut \u00e7al\u0131\u015fmalar kapsaml\u0131 \u015fekilde ele al\u0131nd\u0131. Okullar b\u00fcnyesinde ger\u00e7ekle\u015ftirilen \u00fcretim faaliyetleri, d\u00f6ner sermaye kapsam\u0131nda yap\u0131lan imalatlar, kamu kurumlar\u0131na sunulan&#8230;<\/p>\n","protected":false},"author":1,"featured_media":78777,"comment_status":"open","ping_status":"open","sticky":false,"template":"","format":"standard","meta":{"_crdt_document":"","footnotes":""},"categories":[1],"tags":[],"class_list":["post-78776","post","type-post","status-publish","format-standard","has-post-thumbnail","hentry","category-guncel"],"_links":{"self":[{"href":"https:\/\/www.egemtv.com\/index.php?rest_route=\/wp\/v2\/posts\/78776","targetHints":{"allow":["GET"]}}],"collection":[{"href":"https:\/\/www.egemtv.com\/index.php?rest_route=\/wp\/v2\/posts"}],"about":[{"href":"https:\/\/www.egemtv.com\/index.php?rest_route=\/wp\/v2\/types\/post"}],"author":[{"embeddable":true,"href":"https:\/\/www.egemtv.com\/index.php?rest_route=\/wp\/v2\/users\/1"}],"replies":[{"embeddable":true,"href":"https:\/\/www.egemtv.com\/index.php?rest_route=%2Fwp%2Fv2%2Fcomments&post=78776"}],"version-history":[{"count":1,"href":"https:\/\/www.egemtv.com\/index.php?rest_route=\/wp\/v2\/posts\/78776\/revisions"}],"predecessor-version":[{"id":78778,"href":"https:\/\/www.egemtv.com\/index.php?rest_route=\/wp\/v2\/posts\/78776\/revisions\/78778"}],"wp:featuredmedia":[{"embeddable":true,"href":"https:\/\/www.egemtv.com\/index.php?rest_route=\/wp\/v2\/media\/78777"}],"wp:attachment":[{"href":"https:\/\/www.egemtv.com\/index.php?rest_route=%2Fwp%2Fv2%2Fmedia&parent=78776"}],"wp:term":[{"taxonomy":"category","embeddable":true,"href":"https:\/\/www.egemtv.com\/index.php?rest_route=%2Fwp%2Fv2%2Fcategories&post=78776"},{"taxonomy":"post_tag","embeddable":true,"href":"https:\/\/www.egemtv.com\/index.php?rest_route=%2Fwp%2Fv2%2Ftags&post=78776"}],"curies":[{"name":"wp","href":"https:\/\/api.w.org\/{rel}","templated":true}]}}