{"id":78773,"date":"2026-01-06T09:34:54","date_gmt":"2026-01-06T06:34:54","guid":{"rendered":"https:\/\/www.egemtv.com\/?p=78773"},"modified":"2026-01-06T09:34:55","modified_gmt":"2026-01-06T06:34:55","slug":"kutahya-belediyesi-zabita-ekipleri-okul-cevrelerinde-denetimlerini-surduruyor","status":"publish","type":"post","link":"https:\/\/www.egemtv.com\/?p=78773","title":{"rendered":"K\u00fctahya Belediyesi Zab\u0131ta ekipleri, okul \u00e7evrelerinde denetimlerini s\u00fcrd\u00fcr\u00fcyor"},"content":{"rendered":"<p>K\u00fctahya Belediyesi Zab\u0131ta ekipleri, \u015fehir d\u00fczeninin ve halk sa\u011fl\u0131\u011f\u0131n\u0131n korunmas\u0131 amac\u0131yla denetimlerine aral\u0131ks\u0131z devam ediyor.<br \/>\n<br \/>\u00d6zellikle okul \u00e7evrelerinde bulunan bakkal, b\u00fcfe ve benzeri i\u015fletmelere y\u00f6nelik ger\u00e7ekle\u015ftirilen denetimlerde hijyen \u015fartlar\u0131, \u00fcr\u00fcnlerin son kullanma tarihleri ve i\u015fletmelerin yasal mevzuata uygunlu\u011fu titizlikle incelendi.<br \/>\n<br \/>K\u00fctahya Belediye Ba\u015fkan\u0131 Ey\u00fcp Kahveci\u2019nin de \u00f6nemle \u00fczerinde durdu\u011fu denetim \u00e7al\u0131\u015fmalar\u0131n\u0131n, \u00e7ocuklar\u0131n ve vatanda\u015flar\u0131n sa\u011fl\u0131kl\u0131 ve g\u00fcvenli ortamlarda hizmet almas\u0131n\u0131 sa\u011flamak amac\u0131yla kararl\u0131l\u0131kla s\u00fcrd\u00fcr\u00fclece\u011fi belirtildi.<br \/><\/p>\n","protected":false},"excerpt":{"rendered":"<p>K\u00fctahya Belediyesi Zab\u0131ta ekipleri, \u015fehir d\u00fczeninin ve halk sa\u011fl\u0131\u011f\u0131n\u0131n korunmas\u0131 amac\u0131yla denetimlerine aral\u0131ks\u0131z devam ediyor. \u00d6zellikle okul \u00e7evrelerinde bulunan bakkal, b\u00fcfe ve benzeri i\u015fletmelere y\u00f6nelik ger\u00e7ekle\u015ftirilen denetimlerde hijyen \u015fartlar\u0131, \u00fcr\u00fcnlerin son kullanma tarihleri ve i\u015fletmelerin yasal mevzuata uygunlu\u011fu titizlikle incelendi. K\u00fctahya Belediye Ba\u015fkan\u0131 Ey\u00fcp Kahveci\u2019nin de \u00f6nemle \u00fczerinde durdu\u011fu denetim \u00e7al\u0131\u015fmalar\u0131n\u0131n, \u00e7ocuklar\u0131n ve vatanda\u015flar\u0131n sa\u011fl\u0131kl\u0131&#8230;<\/p>\n","protected":false},"author":1,"featured_media":78774,"comment_status":"open","ping_status":"open","sticky":false,"template":"","format":"standard","meta":{"_crdt_document":"","footnotes":""},"categories":[123],"tags":[],"class_list":["post-78773","post","type-post","status-publish","format-standard","has-post-thumbnail","hentry","category-gundem"],"_links":{"self":[{"href":"https:\/\/www.egemtv.com\/index.php?rest_route=\/wp\/v2\/posts\/78773","targetHints":{"allow":["GET"]}}],"collection":[{"href":"https:\/\/www.egemtv.com\/index.php?rest_route=\/wp\/v2\/posts"}],"about":[{"href":"https:\/\/www.egemtv.com\/index.php?rest_route=\/wp\/v2\/types\/post"}],"author":[{"embeddable":true,"href":"https:\/\/www.egemtv.com\/index.php?rest_route=\/wp\/v2\/users\/1"}],"replies":[{"embeddable":true,"href":"https:\/\/www.egemtv.com\/index.php?rest_route=%2Fwp%2Fv2%2Fcomments&post=78773"}],"version-history":[{"count":1,"href":"https:\/\/www.egemtv.com\/index.php?rest_route=\/wp\/v2\/posts\/78773\/revisions"}],"predecessor-version":[{"id":78775,"href":"https:\/\/www.egemtv.com\/index.php?rest_route=\/wp\/v2\/posts\/78773\/revisions\/78775"}],"wp:featuredmedia":[{"embeddable":true,"href":"https:\/\/www.egemtv.com\/index.php?rest_route=\/wp\/v2\/media\/78774"}],"wp:attachment":[{"href":"https:\/\/www.egemtv.com\/index.php?rest_route=%2Fwp%2Fv2%2Fmedia&parent=78773"}],"wp:term":[{"taxonomy":"category","embeddable":true,"href":"https:\/\/www.egemtv.com\/index.php?rest_route=%2Fwp%2Fv2%2Fcategories&post=78773"},{"taxonomy":"post_tag","embeddable":true,"href":"https:\/\/www.egemtv.com\/index.php?rest_route=%2Fwp%2Fv2%2Ftags&post=78773"}],"curies":[{"name":"wp","href":"https:\/\/api.w.org\/{rel}","templated":true}]}}