{"id":78767,"date":"2026-01-06T09:34:52","date_gmt":"2026-01-06T06:34:52","guid":{"rendered":"https:\/\/www.egemtv.com\/?p=78767"},"modified":"2026-01-06T09:34:53","modified_gmt":"2026-01-06T06:34:53","slug":"tavas-belediyesi-atil-durumda-olan-araziyi-ogrenci-bursu-icin-agaclandiracak","status":"publish","type":"post","link":"https:\/\/www.egemtv.com\/?p=78767","title":{"rendered":"Tavas Belediyesi at\u0131l durumda olan araziyi \u00f6\u011frenci bursu i\u00e7in a\u011fa\u00e7land\u0131racak"},"content":{"rendered":"<p>Tavas Belediyesi ile Derinkuyu Gen\u00e7lik ve K\u00fclt\u00fcr Derne\u011fi aras\u0131nda, Derinkuyu Mahallesi s\u0131n\u0131rlar\u0131 i\u00e7erisinde bulunan vak\u0131f arazilerinin de\u011ferlendirilmesine y\u00f6nelik &#8220;A\u011fa\u00e7ta Birlik, Gelecekte Dirlik&#8221; A\u011fa\u00e7land\u0131rma Projesi Protokol\u00fc imzaland\u0131.<br \/>\n<br \/>Tavas Belediyesi ile Derinkuyu Gen\u00e7lik ve K\u00fclt\u00fcr Derne\u011fi aras\u0131nda imzalanan protokol kapsam\u0131nda, uzun s\u00fcredir at\u0131l durumda bulunan vak\u0131f arazilerinde ceviz a\u011fac\u0131 dikimi ger\u00e7ekle\u015ftirilmesi planlan\u0131yor. Proje ile \u00e7evrenin korunmas\u0131, tar\u0131msal \u00fcretimin te\u015fvik edilmesi ve sosyal faydan\u0131n art\u0131r\u0131lmas\u0131 hedefleniyor.<br \/>\n<br \/>A\u011fa\u00e7land\u0131rma \u00e7al\u0131\u015fmas\u0131yla birlikte, gen\u00e7 nesillere do\u011fa ve a\u011fa\u00e7 sevgisinin a\u015f\u0131lanmas\u0131, Ye\u015fil Vatan bilincinin g\u00fc\u00e7lendirilmesi ve kullan\u0131lmayan arazilerin \u00fcretime kazand\u0131r\u0131larak katma de\u011ferli tar\u0131msal faaliyetlerin hayata ge\u00e7irilmesi ama\u00e7lan\u0131yor. Proje kapsam\u0131nda dikilecek ceviz a\u011fa\u00e7lar\u0131ndan elde edilecek gelirlerin ise Derinkuyu Gen\u00e7lik ve K\u00fclt\u00fcr Derne\u011fi b\u00fcnyesindeki \u00f6\u011frencilere burs deste\u011fi olarak aktar\u0131lmas\u0131 planlan\u0131yor.<br \/>\n<br \/>Tavas Belediye Ba\u015fkan\u0131 Kadir Tat\u0131k, do\u011fay\u0131 koruyan, \u00fcretimi ve e\u011fitimi destekleyen bu anlaml\u0131 i\u015f birli\u011finin Derinkuyu Mahallesi\u2019ne, Tavas il\u00e7esine ve b\u00f6lge halk\u0131na hay\u0131rl\u0131 olmas\u0131n\u0131 temenni etti.<br \/><\/p>\n","protected":false},"excerpt":{"rendered":"<p>Tavas Belediyesi ile Derinkuyu Gen\u00e7lik ve K\u00fclt\u00fcr Derne\u011fi aras\u0131nda, Derinkuyu Mahallesi s\u0131n\u0131rlar\u0131 i\u00e7erisinde bulunan vak\u0131f arazilerinin de\u011ferlendirilmesine y\u00f6nelik &#8220;A\u011fa\u00e7ta Birlik, Gelecekte Dirlik&#8221; A\u011fa\u00e7land\u0131rma Projesi Protokol\u00fc imzaland\u0131. Tavas Belediyesi ile Derinkuyu Gen\u00e7lik ve K\u00fclt\u00fcr Derne\u011fi aras\u0131nda imzalanan protokol kapsam\u0131nda, uzun s\u00fcredir at\u0131l durumda bulunan vak\u0131f arazilerinde ceviz a\u011fac\u0131 dikimi ger\u00e7ekle\u015ftirilmesi planlan\u0131yor. Proje ile \u00e7evrenin korunmas\u0131, tar\u0131msal&#8230;<\/p>\n","protected":false},"author":1,"featured_media":78768,"comment_status":"open","ping_status":"open","sticky":false,"template":"","format":"standard","meta":{"_crdt_document":"","footnotes":""},"categories":[127],"tags":[],"class_list":["post-78767","post","type-post","status-publish","format-standard","has-post-thumbnail","hentry","category-siyaset"],"_links":{"self":[{"href":"https:\/\/www.egemtv.com\/index.php?rest_route=\/wp\/v2\/posts\/78767","targetHints":{"allow":["GET"]}}],"collection":[{"href":"https:\/\/www.egemtv.com\/index.php?rest_route=\/wp\/v2\/posts"}],"about":[{"href":"https:\/\/www.egemtv.com\/index.php?rest_route=\/wp\/v2\/types\/post"}],"author":[{"embeddable":true,"href":"https:\/\/www.egemtv.com\/index.php?rest_route=\/wp\/v2\/users\/1"}],"replies":[{"embeddable":true,"href":"https:\/\/www.egemtv.com\/index.php?rest_route=%2Fwp%2Fv2%2Fcomments&post=78767"}],"version-history":[{"count":1,"href":"https:\/\/www.egemtv.com\/index.php?rest_route=\/wp\/v2\/posts\/78767\/revisions"}],"predecessor-version":[{"id":78769,"href":"https:\/\/www.egemtv.com\/index.php?rest_route=\/wp\/v2\/posts\/78767\/revisions\/78769"}],"wp:featuredmedia":[{"embeddable":true,"href":"https:\/\/www.egemtv.com\/index.php?rest_route=\/wp\/v2\/media\/78768"}],"wp:attachment":[{"href":"https:\/\/www.egemtv.com\/index.php?rest_route=%2Fwp%2Fv2%2Fmedia&parent=78767"}],"wp:term":[{"taxonomy":"category","embeddable":true,"href":"https:\/\/www.egemtv.com\/index.php?rest_route=%2Fwp%2Fv2%2Fcategories&post=78767"},{"taxonomy":"post_tag","embeddable":true,"href":"https:\/\/www.egemtv.com\/index.php?rest_route=%2Fwp%2Fv2%2Ftags&post=78767"}],"curies":[{"name":"wp","href":"https:\/\/api.w.org\/{rel}","templated":true}]}}