{"id":78764,"date":"2026-01-06T09:34:51","date_gmt":"2026-01-06T06:34:51","guid":{"rendered":"https:\/\/www.egemtv.com\/?p=78764"},"modified":"2026-01-06T09:34:52","modified_gmt":"2026-01-06T06:34:52","slug":"biggsinerji-ile-yenilikci-is-fikirleri-hayata-geciyor","status":"publish","type":"post","link":"https:\/\/www.egemtv.com\/?p=78764","title":{"rendered":"B\u0130GGS\u0130NERJ\u0130 ile yenilik\u00e7i i\u015f fikirleri hayata ge\u00e7iyor"},"content":{"rendered":"<p>Ya\u015far \u00dcniversitesi\u2019nin payda\u015flar\u0131 aras\u0131nda yer ald\u0131\u011f\u0131 B\u0130GGS\u0130NERJ\u0130 Projesi, T\u00dcB\u0130TAK Giri\u015fimcilik Destek Program\u0131 kapsam\u0131nda desteklenmeye hak kazand\u0131. Ya\u015far \u00dcniversitesi Bilgi ve Teknoloji Transfer Ofisi de giri\u015fimcilerin teknoloji tabanl\u0131 i\u015f fikirlerini geli\u015ftirmelerine katk\u0131 sunacak.<br \/>\n<br \/>Ya\u015far \u00dcniversitesi\u2019nin payda\u015flar\u0131ndan biri oldu\u011fu; \u0130zmir Biyot\u0131p ve Genom Merkezi (\u0130BG) ile Kuzey \u0130zmir Sa\u011fl\u0131k ve Ya\u015fam Bilimleri Teknoloji Geli\u015ftirme Merkezi Sanayi ve Ticaret A.\u015e. (Bak\u0131r\u00e7ay TEKMER) i\u015f birli\u011finde, DEPARK uygulay\u0131c\u0131 kurulu\u015fu y\u00fcr\u00fct\u00fcc\u00fcl\u00fc\u011f\u00fcnde hayata ge\u00e7irilecek B\u0130GGS\u0130NERJ\u0130 Projesi, T\u00dcB\u0130TAK Bireysel Gen\u00e7 Giri\u015fim (B\u0130GG) Program\u0131 kapsam\u0131nda destek almaya hak kazand\u0131.<\/p>\n<p>T\u00dcB\u0130TAK\u2019tan 900 bin TL\u2019lik yat\u0131r\u0131m deste\u011fi<br \/>\n<br \/>Ya\u015far \u00dcniversitesi Rekt\u00f6r Yard\u0131mc\u0131s\u0131 Prof.Dr. Yi\u011fit Kazan\u00e7o\u011flu, proje kapsam\u0131nda \u00fcniversitenin giri\u015fimcilerin teknoloji tabanl\u0131 i\u015f fikirlerini geli\u015ftirmeleri ve ticarile\u015ftirmeleri i\u00e7in e\u011fitim ve mentorluk deste\u011fi sunaca\u011f\u0131n\u0131 belirtti. Kazan\u00e7o\u011flu, \u015f\u00f6yle konu\u015ftu: &#8220;Giri\u015fimci adaylar\u0131; tar\u0131m, g\u0131da, enerji, lojistik, yaz\u0131l\u0131m ve bilgi teknolojileri ba\u015fta olmak \u00fczere teknoloji ve yenilik odakl\u0131 ana ba\u015fl\u0131klar alt\u0131ndaki i\u015f fikri ba\u015fvurular\u0131n\u0131 T\u00dcB\u0130TAK\u2019\u0131n belirledi\u011fi \u00e7a\u011fr\u0131 takvimi do\u011frultusunda Ya\u015far \u00dcniversitesi\u2019ne yapabilecek. Giri\u015fimcilerin uygun bulunan i\u015f fikirleri, \u00f6n kulu\u00e7kaya al\u0131narak i\u015f fikri do\u011frulama s\u00fcre\u00e7lerinden ge\u00e7irilecek ve nitelikli i\u015f plan\u0131 haz\u0131rlama ve bunlar\u0131 son de\u011ferlendirme i\u00e7in T\u00dcB\u0130TAK\u2019a iletme hususunda giri\u015fimcilere destek sa\u011flanacak. Kabul edilenler giri\u015fimcilik seminerlerine ve e\u011fitimlerine kat\u0131lma hakk\u0131 kazanacak, e\u011fitim program\u0131 boyunca profesyonel i\u015f rehberleri deste\u011finde fikirlerini i\u015f planlar\u0131na d\u00f6n\u00fc\u015ft\u00fcrerek T\u00dcB\u0130TAK\u2019tan 900 bin TL\u2019lik yat\u0131r\u0131m\u0131 almak i\u00e7in haz\u0131rlanacak.&#8221;<br \/>\n<br \/>Bu kapsamda Ya\u015far \u00dcniversitesi Bilgi ve Teknoloji Transfer Ofisi, B\u0130GGS\u0130NERJ\u0130 Projesi\u2019nin 2026-2028 d\u00f6neminde A\u015fama 1 H\u0131zland\u0131rma faaliyetlerinin y\u00fcr\u00fct\u00fclmesinde aktif rol alacak. \u00dcniversite, sahip oldu\u011fu uzman kadrosu ile giri\u015fimcilere e\u011fitim ve mentorluk deste\u011fi sunarak yenilik\u00e7i ve teknoloji tabanl\u0131 i\u015f fikirlerinin geli\u015ftirilmesine katk\u0131 sa\u011flayacak.<br \/><\/p>\n","protected":false},"excerpt":{"rendered":"<p>Ya\u015far \u00dcniversitesi\u2019nin payda\u015flar\u0131 aras\u0131nda yer ald\u0131\u011f\u0131 B\u0130GGS\u0130NERJ\u0130 Projesi, T\u00dcB\u0130TAK Giri\u015fimcilik Destek Program\u0131 kapsam\u0131nda desteklenmeye hak kazand\u0131. Ya\u015far \u00dcniversitesi Bilgi ve Teknoloji Transfer Ofisi de giri\u015fimcilerin teknoloji tabanl\u0131 i\u015f fikirlerini geli\u015ftirmelerine katk\u0131 sunacak. Ya\u015far \u00dcniversitesi\u2019nin payda\u015flar\u0131ndan biri oldu\u011fu; \u0130zmir Biyot\u0131p ve Genom Merkezi (\u0130BG) ile Kuzey \u0130zmir Sa\u011fl\u0131k ve Ya\u015fam Bilimleri Teknoloji Geli\u015ftirme Merkezi Sanayi ve&#8230;<\/p>\n","protected":false},"author":1,"featured_media":78765,"comment_status":"open","ping_status":"open","sticky":false,"template":"","format":"standard","meta":{"_crdt_document":"","footnotes":""},"categories":[1],"tags":[],"class_list":["post-78764","post","type-post","status-publish","format-standard","has-post-thumbnail","hentry","category-guncel"],"_links":{"self":[{"href":"https:\/\/www.egemtv.com\/index.php?rest_route=\/wp\/v2\/posts\/78764","targetHints":{"allow":["GET"]}}],"collection":[{"href":"https:\/\/www.egemtv.com\/index.php?rest_route=\/wp\/v2\/posts"}],"about":[{"href":"https:\/\/www.egemtv.com\/index.php?rest_route=\/wp\/v2\/types\/post"}],"author":[{"embeddable":true,"href":"https:\/\/www.egemtv.com\/index.php?rest_route=\/wp\/v2\/users\/1"}],"replies":[{"embeddable":true,"href":"https:\/\/www.egemtv.com\/index.php?rest_route=%2Fwp%2Fv2%2Fcomments&post=78764"}],"version-history":[{"count":1,"href":"https:\/\/www.egemtv.com\/index.php?rest_route=\/wp\/v2\/posts\/78764\/revisions"}],"predecessor-version":[{"id":78766,"href":"https:\/\/www.egemtv.com\/index.php?rest_route=\/wp\/v2\/posts\/78764\/revisions\/78766"}],"wp:featuredmedia":[{"embeddable":true,"href":"https:\/\/www.egemtv.com\/index.php?rest_route=\/wp\/v2\/media\/78765"}],"wp:attachment":[{"href":"https:\/\/www.egemtv.com\/index.php?rest_route=%2Fwp%2Fv2%2Fmedia&parent=78764"}],"wp:term":[{"taxonomy":"category","embeddable":true,"href":"https:\/\/www.egemtv.com\/index.php?rest_route=%2Fwp%2Fv2%2Fcategories&post=78764"},{"taxonomy":"post_tag","embeddable":true,"href":"https:\/\/www.egemtv.com\/index.php?rest_route=%2Fwp%2Fv2%2Ftags&post=78764"}],"curies":[{"name":"wp","href":"https:\/\/api.w.org\/{rel}","templated":true}]}}