{"id":78761,"date":"2026-01-06T09:34:50","date_gmt":"2026-01-06T06:34:50","guid":{"rendered":"https:\/\/www.egemtv.com\/?p=78761"},"modified":"2026-01-06T09:34:51","modified_gmt":"2026-01-06T06:34:51","slug":"baskan-saruhan-anahtar-parti-bu-milletin-umududur","status":"publish","type":"post","link":"https:\/\/www.egemtv.com\/?p=78761","title":{"rendered":"Ba\u015fkan Saruhan: &#8220;Anahtar Parti bu milletin umududur&#8221;"},"content":{"rendered":"<p>Anahtar Parti \u0130l Ba\u015fkan\u0131 g\u00f6revine 2 ay \u00f6nce ba\u015flayan  Hakan Saruhan, il\u00e7e te\u015fkilat\u0131 ba\u015fkanlar\u0131na atamalar\u0131n\u0131 yapt\u0131. Yeni kadro ile ilk toplant\u0131s\u0131n\u0131 ger\u00e7ekle\u015ftiren Ba\u015fkan Saruhan toplant\u0131da hem g\u00f6rev arkada\u015flar\u0131n\u0131 tan\u0131tt\u0131 hem de Denizli\u2019nin g\u00fcndemine dair ilk de\u011ferlendirme toplant\u0131s\u0131n\u0131 ger\u00e7ekle\u015ftirdi.<\/p>\n<p>Anahtar Parti \u0130l Ba\u015fkanl\u0131\u011f\u0131 g\u00f6revine yeni ba\u015flayan Hakan Saruhan, Denizli ve il\u00e7elerin y\u00f6netim kurulu kadrolar\u0131 ile isti\u015fare toplant\u0131s\u0131 ger\u00e7ekle\u015ftirdi. Toplant\u0131da il\u00e7e ba\u015fkanlar\u0131n\u0131n tan\u0131t\u0131m\u0131n\u0131 ve izlenecek yol haritas\u0131na dair g\u00f6r\u00fc\u015fler payla\u015f\u0131ld\u0131.<\/p>\n<p>Ger\u00e7ekle\u015ftirilen toplant\u0131ya Denizli \u0130l Te\u015fkilat Ba\u015fkan\u0131 Sel\u00e7uk Can, Denizli \u0130l Te\u015fkilat Ba\u015fkan Yard\u0131mc\u0131s\u0131 Fatih Saruhan, Ac\u0131payam \u0130l\u00e7e Ba\u015fkan\u0131 Erkan Da\u015fman, Pamukkale \u0130l\u00e7e Ba\u015fkan\u0131 Kemal Galip Ba\u015fkaya, Baklan \u0130l\u00e7e Ba\u015fkan\u0131 Hamza Erdo\u011fan, Babada\u011f \u0130l\u00e7e Ba\u015fkan\u0131 Bilal Faruk G\u00f6ren, Buldan \u0130l\u00e7e Ba\u015fkan\u0131 Mutlu Bozda\u011f, Bozkurt \u0130l\u00e7e Ba\u015fkan\u0131 Mustafa \u00c7ak\u0131r, Beya\u011fa\u00e7 \u0130l\u00e7e Ba\u015fkan\u0131 \u0130brahim Aydo\u011fdu, Bekilli \u0130l\u00e7e Ba\u015fkan\u0131 \u0130smail Toma, \u00c7ardak \u0130l\u00e7e Ba\u015fkan\u0131 \u0130brahim Sar\u0131, \u00c7ivril \u0130l\u00e7e Ba\u015fkan\u0131 H\u00fcdayi Karaslan, \u00c7ameli \u0130l\u00e7e Ba\u015fkan\u0131 Okan Karaca, \u00c7al \u0130l\u00e7e Ba\u015fkan\u0131 \u00d6zcan Cerit, G\u00fcney \u0130l\u00e7e Ba\u015fkan\u0131 Batuhan Be\u015fenk, Kale \u0130l\u00e7e Ba\u015fkan\u0131 S\u00fcleyman Altan, Sarayk\u00f6y \u0130l\u00e7e Ba\u015fkan\u0131 Hasan Orhan, Serinhisar \u0130l\u00e7e Ba\u015fkan\u0131 Bilal \u00c7\u0131rak, Tavas \u0130l\u00e7e Ba\u015fkan\u0131 Tuncay Karatekin, Honaz \u0130l\u00e7e Ba\u015fkan\u0131 Yelda P\u0131nar kat\u0131ld\u0131.<\/p>\n<p>&#8220;Art\u0131k sahaya inmek i\u00e7in haz\u0131r durumday\u0131z&#8221;<br \/>\n<br \/>Toplant\u0131n\u0131n a\u00e7\u0131l\u0131\u015f\u0131nda konu\u015fan Anahtar Parti \u0130l Ba\u015fkan\u0131 Hakan Saruhan, &#8221; Denizli \u0130l Ba\u015fkanl\u0131\u011f\u0131 g\u00f6revine 2 ay \u00f6nce \u00fcstlenmi\u015f bulunmaktay\u0131m. 2 hafta i\u00e7erisinde il\u00e7elerimizde il\u00e7e ba\u015fkanlar\u0131m\u0131z\u0131n atamalar\u0131n\u0131 yapt\u0131k. Ge\u00e7ti\u011fimiz bu zaman zarf\u0131 i\u00e7erisinde il\u00e7e ba\u015fkanlar\u0131m\u0131z yap\u0131lanmalar\u0131 ve te\u015fkilatlar\u0131n\u0131 kurmu\u015f vaziyette. Art\u0131k sahaya tam manas\u0131yla inmek i\u00e7in haz\u0131r durumday\u0131z. Bug\u00fcn il\u00e7e ba\u015fkanlar\u0131mla ilk toplant\u0131m\u0131 yap\u0131yoruz. Denizli ve \u00fclkemiz i\u00e7in neler yapabilece\u011fimizi ortak ak\u0131lla karar vermek ve yol haritam\u0131z\u0131 belirlemek i\u00e7in bir araya geldik. Buradan bu vesileyle b\u00fct\u00fcn vatanda\u015flar\u0131m\u0131za, 2026 y\u0131l\u0131n\u0131 kutluyorum. Yeni y\u0131lda sa\u011fl\u0131k, huzur, bar\u0131\u015f, g\u00fcven ve adaletli bir \u015fekilde bir y\u0131l diliyorum. Vatanda\u015flar\u0131m\u0131za diyorum ki destek sizden \u00e7\u00f6z\u00fcm bizden&#8221; ifadelerini kulland\u0131.<\/p>\n<p>&#8220;Yavuz A\u011f\u0131ralio\u011flu, bu milletin umududur&#8221;<br \/>\n<br \/>Ba\u015fkan Saruhan, &#8220;Yavuz A\u011f\u0131ralio\u011flu, bu milletin umududur. \u00c7\u00fcnk\u00fc o; konu\u015furken milletin vicdan\u0131n\u0131, susarken devletin a\u011f\u0131rl\u0131\u011f\u0131n\u0131 ta\u015f\u0131r. Siyaseti makam i\u00e7in de\u011fil, memleket i\u00e7in yapan bir duru\u015fun ad\u0131d\u0131r. E\u011filip b\u00fck\u00fclmeden, kimli\u011finden ve de\u011ferlerinden taviz vermeden y\u00fcr\u00fcyen bir liderdir. Anahtar Parti, i\u015fte bu duru\u015fun ad\u0131d\u0131r. Adaleti merkeze alan, ahlak\u0131 siyasetinin temeline koyan, milletin derdiyle dertlenen bir anlay\u0131\u015f\u0131n kap\u0131s\u0131n\u0131 a\u00e7maktad\u0131r.&#8221; dedi.<\/p>\n<p>&#8220;Destek sizden \u00e7\u00f6z\u00fcm bizden&#8221;<br \/>\n<br \/>Milletin derdiyle dertlenmeye, sokakta olacaklar\u0131n\u0131n alt\u0131n\u0131 \u00e7izen Ba\u015fkan Saruhan, &#8220;Yavuz A\u011f\u0131ralio\u011flu\u2019nun liderli\u011finde Anahtar Parti; umudu yeniden ye\u015ferten, g\u00fcveni yeniden in\u015fa eden ve bu \u00fclkenin yar\u0131nlar\u0131na anahtar olan bir iradedir. Bu millet yoruldu ama vazge\u00e7medi. \u00c7\u00fcnk\u00fc h\u00e2l\u00e2 inan\u0131yor. \u00c7\u00fcnk\u00fc h\u00e2l\u00e2 umut var. Ve o umut, bug\u00fcn Anahtar Parti\u2019de, Yavuz A\u011f\u0131ralio\u011flu\u2019nun kararl\u0131 y\u00fcr\u00fcy\u00fc\u015f\u00fcndedir. Bizde Denizli\u2019de milletin derdiyle dertlenmeye, sokakta olaca\u011f\u0131m\u0131z\u0131 bildiriyor ve vatanda\u015flar\u0131m\u0131za diyorum ki destek sizden \u00e7\u00f6z\u00fcm bizden&#8221; ifadelerini kulland\u0131.<br \/><\/p>\n","protected":false},"excerpt":{"rendered":"<p>Anahtar Parti \u0130l Ba\u015fkan\u0131 g\u00f6revine 2 ay \u00f6nce ba\u015flayan Hakan Saruhan, il\u00e7e te\u015fkilat\u0131 ba\u015fkanlar\u0131na atamalar\u0131n\u0131 yapt\u0131. Yeni kadro ile ilk toplant\u0131s\u0131n\u0131 ger\u00e7ekle\u015ftiren Ba\u015fkan Saruhan toplant\u0131da hem g\u00f6rev arkada\u015flar\u0131n\u0131 tan\u0131tt\u0131 hem de Denizli\u2019nin g\u00fcndemine dair ilk de\u011ferlendirme toplant\u0131s\u0131n\u0131 ger\u00e7ekle\u015ftirdi. Anahtar Parti \u0130l Ba\u015fkanl\u0131\u011f\u0131 g\u00f6revine yeni ba\u015flayan Hakan Saruhan, Denizli ve il\u00e7elerin y\u00f6netim kurulu kadrolar\u0131 ile isti\u015fare&#8230;<\/p>\n","protected":false},"author":1,"featured_media":78762,"comment_status":"open","ping_status":"open","sticky":false,"template":"","format":"standard","meta":{"_crdt_document":"","footnotes":""},"categories":[127],"tags":[],"class_list":["post-78761","post","type-post","status-publish","format-standard","has-post-thumbnail","hentry","category-siyaset"],"_links":{"self":[{"href":"https:\/\/www.egemtv.com\/index.php?rest_route=\/wp\/v2\/posts\/78761","targetHints":{"allow":["GET"]}}],"collection":[{"href":"https:\/\/www.egemtv.com\/index.php?rest_route=\/wp\/v2\/posts"}],"about":[{"href":"https:\/\/www.egemtv.com\/index.php?rest_route=\/wp\/v2\/types\/post"}],"author":[{"embeddable":true,"href":"https:\/\/www.egemtv.com\/index.php?rest_route=\/wp\/v2\/users\/1"}],"replies":[{"embeddable":true,"href":"https:\/\/www.egemtv.com\/index.php?rest_route=%2Fwp%2Fv2%2Fcomments&post=78761"}],"version-history":[{"count":1,"href":"https:\/\/www.egemtv.com\/index.php?rest_route=\/wp\/v2\/posts\/78761\/revisions"}],"predecessor-version":[{"id":78763,"href":"https:\/\/www.egemtv.com\/index.php?rest_route=\/wp\/v2\/posts\/78761\/revisions\/78763"}],"wp:featuredmedia":[{"embeddable":true,"href":"https:\/\/www.egemtv.com\/index.php?rest_route=\/wp\/v2\/media\/78762"}],"wp:attachment":[{"href":"https:\/\/www.egemtv.com\/index.php?rest_route=%2Fwp%2Fv2%2Fmedia&parent=78761"}],"wp:term":[{"taxonomy":"category","embeddable":true,"href":"https:\/\/www.egemtv.com\/index.php?rest_route=%2Fwp%2Fv2%2Fcategories&post=78761"},{"taxonomy":"post_tag","embeddable":true,"href":"https:\/\/www.egemtv.com\/index.php?rest_route=%2Fwp%2Fv2%2Ftags&post=78761"}],"curies":[{"name":"wp","href":"https:\/\/api.w.org\/{rel}","templated":true}]}}