{"id":78758,"date":"2026-01-06T09:34:49","date_gmt":"2026-01-06T06:34:49","guid":{"rendered":"https:\/\/www.egemtv.com\/?p=78758"},"modified":"2026-01-06T09:34:50","modified_gmt":"2026-01-06T06:34:50","slug":"simavdaki-seralarda-zirai-don-zarar-tespit-calismasi-yapildi","status":"publish","type":"post","link":"https:\/\/www.egemtv.com\/?p=78758","title":{"rendered":"Simav\u2019daki seralarda zirai don zarar tespit \u00e7al\u0131\u015fmas\u0131 yap\u0131ld\u0131"},"content":{"rendered":"<p>K\u00fctahya\u2019n\u0131n Simav il\u00e7esinde hava s\u0131cakl\u0131klar\u0131n\u0131n eksi 15 dereceye kadar d\u00fc\u015fmesi nedeniyle s\u0131cak seralarda zirai don zarar\u0131 meydana geldi.<br \/>\n<br \/>\u0130l\u00e7ede ya\u015fanan a\u015f\u0131r\u0131 so\u011fuklar\u0131n ard\u0131ndan \u00fcreticilerden gelen ihbarlar \u00fczerine, Simav \u0130l\u00e7e Tar\u0131m ve Orman M\u00fcd\u00fcrl\u00fc\u011f\u00fc teknik personelleri taraf\u0131ndan zarar tespit \u00e7al\u0131\u015fmalar\u0131 ba\u015flat\u0131ld\u0131. Ekipler, don olay\u0131ndan etkilenen s\u0131cak seralarda incelemelerde bulunarak mahsullerde olu\u015fan zarar\u0131 yerinde de\u011ferlendirdi. Yap\u0131lan \u00e7al\u0131\u015fmalar kapsam\u0131nda seralardaki bitkisel \u00fcretimde meydana gelen hasar\u0131n boyutu belirlenirken, haz\u0131rlanan raporlar\u0131n ilgili birimlere iletilece\u011fi bildirildi. Yetkililer, \u00fcreticilerin ma\u011fduriyetlerinin giderilmesi amac\u0131yla s\u00fcrecin titizlikle y\u00fcr\u00fct\u00fcld\u00fc\u011f\u00fcn\u00fc ifade etti.<br \/>\n<br \/>\u00d6te yandan \u0130l\u00e7e Tar\u0131m ve Orman M\u00fcd\u00fcrl\u00fc\u011f\u00fc, benzer olumsuzluklara kar\u015f\u0131 \u00fcreticilerin meteorolojik uyar\u0131lar\u0131 yak\u0131ndan takip etmeleri ve gerekli \u00f6nlemleri almalar\u0131 konusunda uyar\u0131da bulundu.<br \/><\/p>\n","protected":false},"excerpt":{"rendered":"<p>K\u00fctahya\u2019n\u0131n Simav il\u00e7esinde hava s\u0131cakl\u0131klar\u0131n\u0131n eksi 15 dereceye kadar d\u00fc\u015fmesi nedeniyle s\u0131cak seralarda zirai don zarar\u0131 meydana geldi. \u0130l\u00e7ede ya\u015fanan a\u015f\u0131r\u0131 so\u011fuklar\u0131n ard\u0131ndan \u00fcreticilerden gelen ihbarlar \u00fczerine, Simav \u0130l\u00e7e Tar\u0131m ve Orman M\u00fcd\u00fcrl\u00fc\u011f\u00fc teknik personelleri taraf\u0131ndan zarar tespit \u00e7al\u0131\u015fmalar\u0131 ba\u015flat\u0131ld\u0131. Ekipler, don olay\u0131ndan etkilenen s\u0131cak seralarda incelemelerde bulunarak mahsullerde olu\u015fan zarar\u0131 yerinde de\u011ferlendirdi. Yap\u0131lan \u00e7al\u0131\u015fmalar&#8230;<\/p>\n","protected":false},"author":1,"featured_media":78759,"comment_status":"open","ping_status":"open","sticky":false,"template":"","format":"standard","meta":{"_crdt_document":"","footnotes":""},"categories":[125],"tags":[],"class_list":["post-78758","post","type-post","status-publish","format-standard","has-post-thumbnail","hentry","category-ekonomi"],"_links":{"self":[{"href":"https:\/\/www.egemtv.com\/index.php?rest_route=\/wp\/v2\/posts\/78758","targetHints":{"allow":["GET"]}}],"collection":[{"href":"https:\/\/www.egemtv.com\/index.php?rest_route=\/wp\/v2\/posts"}],"about":[{"href":"https:\/\/www.egemtv.com\/index.php?rest_route=\/wp\/v2\/types\/post"}],"author":[{"embeddable":true,"href":"https:\/\/www.egemtv.com\/index.php?rest_route=\/wp\/v2\/users\/1"}],"replies":[{"embeddable":true,"href":"https:\/\/www.egemtv.com\/index.php?rest_route=%2Fwp%2Fv2%2Fcomments&post=78758"}],"version-history":[{"count":1,"href":"https:\/\/www.egemtv.com\/index.php?rest_route=\/wp\/v2\/posts\/78758\/revisions"}],"predecessor-version":[{"id":78760,"href":"https:\/\/www.egemtv.com\/index.php?rest_route=\/wp\/v2\/posts\/78758\/revisions\/78760"}],"wp:featuredmedia":[{"embeddable":true,"href":"https:\/\/www.egemtv.com\/index.php?rest_route=\/wp\/v2\/media\/78759"}],"wp:attachment":[{"href":"https:\/\/www.egemtv.com\/index.php?rest_route=%2Fwp%2Fv2%2Fmedia&parent=78758"}],"wp:term":[{"taxonomy":"category","embeddable":true,"href":"https:\/\/www.egemtv.com\/index.php?rest_route=%2Fwp%2Fv2%2Fcategories&post=78758"},{"taxonomy":"post_tag","embeddable":true,"href":"https:\/\/www.egemtv.com\/index.php?rest_route=%2Fwp%2Fv2%2Ftags&post=78758"}],"curies":[{"name":"wp","href":"https:\/\/api.w.org\/{rel}","templated":true}]}}