{"id":78755,"date":"2026-01-06T09:14:58","date_gmt":"2026-01-06T06:14:58","guid":{"rendered":"https:\/\/www.egemtv.com\/?p=78755"},"modified":"2026-01-06T09:14:59","modified_gmt":"2026-01-06T06:14:59","slug":"aydinin-aralik-ayi-z-raporu-belli-oldu","status":"publish","type":"post","link":"https:\/\/www.egemtv.com\/?p=78755","title":{"rendered":"Ayd\u0131n\u2019\u0131n Aral\u0131k ay\u0131 \u2018Z Raporu\u2019 belli oldu"},"content":{"rendered":"<p>Ayd\u0131n\u2019da kolluk kuvvetlerince 2025 Aral\u0131k ay\u0131nda yap\u0131lan \u00e7al\u0131\u015fmalarda il genelinde bin 421 aranan \u015fah\u0131s yakaland\u0131.<\/p>\n<p>Ayd\u0131n\u2019da, vatanda\u015f\u0131n huzurunun sa\u011flanmas\u0131, su\u00e7 ve su\u00e7lularla m\u00fccadele edilmesi \u00e7er\u00e7evesinde Ayd\u0131n Valili\u011fi koordinesindeki \u00e7al\u0131\u015fmalar aral\u0131ks\u0131z devam ediyor. Bu kapsamda \u0130l Emniyet M\u00fcd\u00fcrl\u00fc\u011f\u00fc, \u0130l Jandarma ve Sahil G\u00fcvenlik Komutanl\u0131\u011f\u0131nca 2025 y\u0131l\u0131 1-31 Aral\u0131k tarihleri aras\u0131nda il genelinde ger\u00e7ekle\u015ftirilen \u00e7al\u0131\u015fmalarda toplam bin 421 aranan \u015fah\u0131s yakaland\u0131. Aranan \u015fah\u0131slar\u0131n yakalanmas\u0131na y\u00f6nelik yap\u0131lan \u00e7al\u0131\u015fmalar neticesinde, 0-5 y\u0131l aras\u0131 aranan 456 \u015fah\u0131s, 5-10 y\u0131l aras\u0131 aranan 5 \u015fah\u0131s, 10 y\u0131l \u00fczeri aranan 5 \u015fah\u0131s olmak \u00fczere toplam 466 aranan \u015fah\u0131s yakalanarak cezaevine g\u00f6nderildi.<\/p>\n<p>Kasten \u00f6ld\u00fcrme, kasten yaralama, cinsel taciz veya sald\u0131r\u0131, ki\u015fiyi h\u00fcrriyetinden yoksun k\u0131lma, tehdit, hakaret gibi ki\u015filere kar\u015f\u0131 i\u015flenen su\u00e7lar kapsam\u0131nda il genelinde bir ayda toplam bin 6 olay meydana geldi. Kolluk kuvvetlerince yap\u0131lan \u00e7al\u0131\u015fmalar kapsam\u0131nda bu olaylar\u0131n y\u00fczde 96,1\u2019i ayd\u0131nlat\u0131ld\u0131. Ayr\u0131ca meydana gelen olaylarda 2024 y\u0131l\u0131 Aral\u0131k ay\u0131na g\u00f6re y\u00fczde 3 azalma ya\u015fand\u0131. H\u0131rs\u0131zl\u0131k, kapka\u00e7, gasp, oto h\u0131rs\u0131zl\u0131\u011f\u0131 gibi mal varl\u0131\u011f\u0131na kar\u015f\u0131 i\u015flenen su\u00e7lar kapsam\u0131nda da toplam 387 olay meydana geldi. 2024 Aral\u0131k ay\u0131 verilerine bak\u0131ld\u0131\u011f\u0131nda bu olaylarda y\u00fczde 21\u2019lik bir art\u0131\u015f ya\u015fand\u0131. Ayr\u0131ca yap\u0131lan \u00e7al\u0131\u015fmalar kapsam\u0131nda bir ayda meydana gelen olaylar\u0131n y\u00fczde 63,6\u2019s\u0131 ayd\u0131nlat\u0131ld\u0131.<\/p>\n<p>Ruhsats\u0131z silah ve silah ka\u00e7ak\u00e7\u0131l\u0131\u011f\u0131na y\u00f6nelik yap\u0131lan operasyonlarda ise 58\u2019i tabanca, 14\u2019\u00fc kurus\u0131k\u0131 tabanca, 57\u2019si av t\u00fcfe\u011fi olmak \u00fczere toplam 130 silah ele ge\u00e7irildi,138 ki\u015fi hakk\u0131nda i\u015flem yap\u0131ld\u0131.<\/p>\n<p>Ter\u00f6r \u00f6rg\u00fctlerine y\u00f6nelik yap\u0131lan \u00e7al\u0131\u015fmalar kapsam\u0131nda Ayd\u0131n\u2019da bir ayda FET\u00d6, PKK\/KCK, DEA\u015e gibi ter\u00f6r \u00f6rg\u00fctlerine y\u00f6nelik toplam 39 operasyon ger\u00e7ekle\u015ftirildi. Yap\u0131lan operasyonlarda 35 ki\u015fi g\u00f6zalt\u0131na al\u0131n\u0131rken, 7 ki\u015fi tutukland\u0131, 25 ki\u015fi de adli kontrol \u015fart\u0131yla serbest b\u0131rak\u0131ld\u0131. Organize Su\u00e7larla m\u00fccadele kapsam\u0131nda da il genelinde 8 operasyon ger\u00e7ekle\u015ftirildi. \u00c7al\u0131\u015fmalar sonunda 11 ki\u015fi g\u00f6zalt\u0131na al\u0131nd\u0131, 1 ki\u015fi de adli kontrol \u015fart\u0131yla serbest b\u0131rak\u0131ld\u0131.<\/p>\n<p>Narkotik Su\u00e7larla m\u00fccadele kapsam\u0131nda ise il genelinde uyu\u015fturucu imal ve ticaretine y\u00f6nelik 36 operasyon yap\u0131ld\u0131. Operasyonlarda 52 ki\u015fi g\u00f6zalt\u0131na al\u0131nd\u0131, 19 \u015f\u00fcpheli tutukland\u0131, 11 ki\u015fi de adli kontrol \u015fart\u0131yla serbest b\u0131rak\u0131ld\u0131. Uyu\u015fturucu kullan\u0131m\u0131na y\u00f6nelik ise 324 olay meydana geldi. Olaylarda 333 ki\u015fi g\u00f6zalt\u0131na al\u0131nd\u0131, 2 ki\u015fi tutukland\u0131. Olaylarda bin 646 gram esrar, 4 bin 239 gram skunk, 75 gram kokain, 395 gram bonzai, 2 bin 259 gram metamfetamin, 65 adet ecstasy, bin 565 adet sentetik ecza, 95 k\u00f6k kenevir ele ge\u00e7irildi.<\/p>\n<p>Siber su\u00e7larla m\u00fccadele kapsam\u0131nda yap\u0131lan sanal devriyelerde su\u00e7 unsuru bulunan bin 404 hesap, ter\u00f6rle ba\u011flant\u0131l\u0131 16 \u015fah\u0131s tespit edildi. Ayr\u0131ca doland\u0131r\u0131c\u0131l\u0131k ve yasad\u0131\u015f\u0131 bahis su\u00e7lar\u0131na y\u00f6nelik yap\u0131lan 3 operasyonda 3 ki\u015fi g\u00f6zalt\u0131na al\u0131nd\u0131.<\/p>\n<p>6 bin 884 Ge\u00e7ici Koruma alt\u0131ndaki Suriyeli ve 9 bin 557 ikamet izni ile kalan yabanc\u0131n\u0131n bulundu\u011fu Ayd\u0131n\u2019da, G\u00f6\u00e7men Ka\u00e7ak\u00e7\u0131l\u0131\u011f\u0131 ve \u0130nsan Ticaretiyle m\u00fccadele kapsam\u0131nda 131 operasyon yap\u0131ld\u0131. Yap\u0131lan operasyonlarda 118 ki\u015fi g\u00f6zalt\u0131na al\u0131nd\u0131, 100 ki\u015fi tutukland\u0131, 18 ki\u015fi adli kontrol \u015fart\u0131yla serbest b\u0131rak\u0131ld\u0131. 73 adet lastik\/fiber bota el konuldu. Ayr\u0131ca d\u00fczensiz g\u00f6\u00e7le m\u00fccadele kapsam\u0131nda 15 bin 15 yabanc\u0131 uyruklu ki\u015finin kimlik denetimi yap\u0131ld\u0131, 214 d\u00fczensiz g\u00f6\u00e7men tespit edildi. Turizm ama\u00e7l\u0131 kiralanan konut ve tesis denetimlerinde ise 7 turizm tesisi, 3 konut denetlendi. 1 tesisin faaliyetine son verildi.<\/p>\n<p>Trafik y\u00f6n\u00fcnden yap\u0131lan \u00e7al\u0131\u015fmalarda da 240 bin 996 ara\u00e7 denetlendi. Kurallara uymad\u0131\u011f\u0131 tespit edilen 39 bin 456 araca cezai i\u015flem yap\u0131ld\u0131. \u00c7akar kullan\u0131m\u0131na y\u00f6nelik ise bin 334 ara\u00e7 incelenirken, herhangi bir olumsuzlu\u011fa rastlanmad\u0131. Ayr\u0131ca denetlenen 636 ticari taksinin 104\u2019\u00fcne, 742 okul servisinin de 29\u2019una i\u015flem yap\u0131ld\u0131.<\/p>\n<p>Konu ile ilgili Ayd\u0131n Valili\u011fi\u2019nden yap\u0131lan payla\u015f\u0131mda &#8220;Ayd\u0131n\u2019da su\u00e7a ge\u00e7it yok. G\u00fcvenlik g\u00fc\u00e7lerimizin sahada kararl\u0131 ve etkin \u00e7al\u0131\u015fmalar\u0131 h\u0131z kesmeden s\u00fcr\u00fcyor. Ayd\u0131n\u2019\u0131m\u0131zda, topyek\u00fcn bir m\u00fccadele ile huzur, g\u00fcven ve istikrar\u0131n devaml\u0131l\u0131\u011f\u0131 i\u00e7in gece g\u00fcnd\u00fcz demeden \u00e7al\u0131\u015f\u0131yoruz, \u00e7al\u0131\u015fmaya devam edece\u011fiz. Ayd\u0131n\u2019\u0131n huzuru T\u00fcrkiye\u2019nin huzuru&#8221; ifadeleri yer ald\u0131.<br \/><\/p>\n","protected":false},"excerpt":{"rendered":"<p>Ayd\u0131n\u2019da kolluk kuvvetlerince 2025 Aral\u0131k ay\u0131nda yap\u0131lan \u00e7al\u0131\u015fmalarda il genelinde bin 421 aranan \u015fah\u0131s yakaland\u0131. Ayd\u0131n\u2019da, vatanda\u015f\u0131n huzurunun sa\u011flanmas\u0131, su\u00e7 ve su\u00e7lularla m\u00fccadele edilmesi \u00e7er\u00e7evesinde Ayd\u0131n Valili\u011fi koordinesindeki \u00e7al\u0131\u015fmalar aral\u0131ks\u0131z devam ediyor. Bu kapsamda \u0130l Emniyet M\u00fcd\u00fcrl\u00fc\u011f\u00fc, \u0130l Jandarma ve Sahil G\u00fcvenlik Komutanl\u0131\u011f\u0131nca 2025 y\u0131l\u0131 1-31 Aral\u0131k tarihleri aras\u0131nda il genelinde ger\u00e7ekle\u015ftirilen \u00e7al\u0131\u015fmalarda toplam bin&#8230;<\/p>\n","protected":false},"author":1,"featured_media":78756,"comment_status":"open","ping_status":"open","sticky":false,"template":"","format":"standard","meta":{"_crdt_document":"","footnotes":""},"categories":[5],"tags":[],"class_list":["post-78755","post","type-post","status-publish","format-standard","has-post-thumbnail","hentry","category-asayis"],"_links":{"self":[{"href":"https:\/\/www.egemtv.com\/index.php?rest_route=\/wp\/v2\/posts\/78755","targetHints":{"allow":["GET"]}}],"collection":[{"href":"https:\/\/www.egemtv.com\/index.php?rest_route=\/wp\/v2\/posts"}],"about":[{"href":"https:\/\/www.egemtv.com\/index.php?rest_route=\/wp\/v2\/types\/post"}],"author":[{"embeddable":true,"href":"https:\/\/www.egemtv.com\/index.php?rest_route=\/wp\/v2\/users\/1"}],"replies":[{"embeddable":true,"href":"https:\/\/www.egemtv.com\/index.php?rest_route=%2Fwp%2Fv2%2Fcomments&post=78755"}],"version-history":[{"count":1,"href":"https:\/\/www.egemtv.com\/index.php?rest_route=\/wp\/v2\/posts\/78755\/revisions"}],"predecessor-version":[{"id":78757,"href":"https:\/\/www.egemtv.com\/index.php?rest_route=\/wp\/v2\/posts\/78755\/revisions\/78757"}],"wp:featuredmedia":[{"embeddable":true,"href":"https:\/\/www.egemtv.com\/index.php?rest_route=\/wp\/v2\/media\/78756"}],"wp:attachment":[{"href":"https:\/\/www.egemtv.com\/index.php?rest_route=%2Fwp%2Fv2%2Fmedia&parent=78755"}],"wp:term":[{"taxonomy":"category","embeddable":true,"href":"https:\/\/www.egemtv.com\/index.php?rest_route=%2Fwp%2Fv2%2Fcategories&post=78755"},{"taxonomy":"post_tag","embeddable":true,"href":"https:\/\/www.egemtv.com\/index.php?rest_route=%2Fwp%2Fv2%2Ftags&post=78755"}],"curies":[{"name":"wp","href":"https:\/\/api.w.org\/{rel}","templated":true}]}}