{"id":78752,"date":"2026-01-06T09:14:57","date_gmt":"2026-01-06T06:14:57","guid":{"rendered":"https:\/\/www.egemtv.com\/?p=78752"},"modified":"2026-01-06T09:14:58","modified_gmt":"2026-01-06T06:14:58","slug":"kusadasi-belediyesinden-arndta-fahri-hemsehrilik-berati","status":"publish","type":"post","link":"https:\/\/www.egemtv.com\/?p=78752","title":{"rendered":"Ku\u015fadas\u0131 Belediyesi\u2019nden Arndt\u2019a fahri hem\u015fehrilik berat\u0131"},"content":{"rendered":"<p>Ku\u015fadas\u0131 Belediye Meclisi, 2026 y\u0131l\u0131n\u0131n ilk toplant\u0131s\u0131nda kentin Almanya\u2019daki karde\u015f \u015fehri olan Marl\u2019\u0131n eski Belediye Ba\u015fkan\u0131 Werner Arndt\u2019a \u2018Fahri Hem\u015fehrilik Berat\u0131\u2019 verilmesini kararla\u015ft\u0131rd\u0131. Ba\u015fkan \u00d6mer G\u00fcnel, &#8220;Marl ile olan karde\u015f ili\u015fkilerimizin geli\u015fmesine Werner Arndt\u2019\u0131n \u00e7ok \u00f6nemli katk\u0131s\u0131 oldu. Verece\u011fimiz berat ile kendisi de art\u0131k bizim hem\u015fehrimiz olacak&#8221; dedi.<\/p>\n<p>Ku\u015fadas\u0131 Belediye Meclisi Ocak Ay\u0131 Ola\u011fan Toplant\u0131s\u0131, Ku\u015fadas\u0131 Belediye Ba\u015fkan\u0131 \u00d6mer G\u00fcnel ba\u015fkanl\u0131\u011f\u0131nda Pera D\u00fc\u011f\u00fcn, Organizasyon ve K\u00fclt\u00fcr Merkezi\u2019nde yap\u0131ld\u0131. Toplant\u0131da, Ku\u015fadas\u0131\u2019n\u0131n 1999 y\u0131l\u0131ndan beri karde\u015f \u015fehri olan Almanya\u2019n\u0131n Marl kentinin eski Belediye Ba\u015fkan\u0131 Werner Arndt\u2019a \u2018Fahri Hem\u015fehrilik Berat\u0131\u2019 verilmesini kararla\u015ft\u0131r\u0131ld\u0131. Gerekli i\u015flemler tamamland\u0131ktan sonra Werner Arndt\u2019a Fahri Hem\u015fehrilik Berat\u2019\u0131, Ba\u015fkan \u00d6mer G\u00fcnel taraf\u0131ndan yine meclis toplant\u0131s\u0131nda takdim edilecek.<\/p>\n<p>Marl\u2019\u0131n eski Belediye Ba\u015fkan\u0131 Werner Arndt\u2019\u0131n Ku\u015fadas\u0131 ile olan karde\u015f \u015fehirler ili\u015fkilerinin geli\u015fmesine \u00f6nemli katk\u0131lar sundu\u011funu belirten Ba\u015fkan \u00d6mer G\u00fcnel, &#8220;Marl ile bug\u00fcne kadar bir\u00e7ok proje ger\u00e7ekle\u015ftirdik. Bu projelere Werner Arndt da \u00e7ok emek verdi. Kendisi Fahri Hem\u015fehrilik Berat\u0131 ile de art\u0131k sonsuza kadar bizim hem\u015fehrimiz olacak&#8221; diye konu\u015ftu.<br \/><\/p>\n","protected":false},"excerpt":{"rendered":"<p>Ku\u015fadas\u0131 Belediye Meclisi, 2026 y\u0131l\u0131n\u0131n ilk toplant\u0131s\u0131nda kentin Almanya\u2019daki karde\u015f \u015fehri olan Marl\u2019\u0131n eski Belediye Ba\u015fkan\u0131 Werner Arndt\u2019a \u2018Fahri Hem\u015fehrilik Berat\u0131\u2019 verilmesini kararla\u015ft\u0131rd\u0131. Ba\u015fkan \u00d6mer G\u00fcnel, &#8220;Marl ile olan karde\u015f ili\u015fkilerimizin geli\u015fmesine Werner Arndt\u2019\u0131n \u00e7ok \u00f6nemli katk\u0131s\u0131 oldu. Verece\u011fimiz berat ile kendisi de art\u0131k bizim hem\u015fehrimiz olacak&#8221; dedi. Ku\u015fadas\u0131 Belediye Meclisi Ocak Ay\u0131 Ola\u011fan Toplant\u0131s\u0131,&#8230;<\/p>\n","protected":false},"author":1,"featured_media":78753,"comment_status":"open","ping_status":"open","sticky":false,"template":"","format":"standard","meta":{"_crdt_document":"","footnotes":""},"categories":[127],"tags":[],"class_list":["post-78752","post","type-post","status-publish","format-standard","has-post-thumbnail","hentry","category-siyaset"],"_links":{"self":[{"href":"https:\/\/www.egemtv.com\/index.php?rest_route=\/wp\/v2\/posts\/78752","targetHints":{"allow":["GET"]}}],"collection":[{"href":"https:\/\/www.egemtv.com\/index.php?rest_route=\/wp\/v2\/posts"}],"about":[{"href":"https:\/\/www.egemtv.com\/index.php?rest_route=\/wp\/v2\/types\/post"}],"author":[{"embeddable":true,"href":"https:\/\/www.egemtv.com\/index.php?rest_route=\/wp\/v2\/users\/1"}],"replies":[{"embeddable":true,"href":"https:\/\/www.egemtv.com\/index.php?rest_route=%2Fwp%2Fv2%2Fcomments&post=78752"}],"version-history":[{"count":1,"href":"https:\/\/www.egemtv.com\/index.php?rest_route=\/wp\/v2\/posts\/78752\/revisions"}],"predecessor-version":[{"id":78754,"href":"https:\/\/www.egemtv.com\/index.php?rest_route=\/wp\/v2\/posts\/78752\/revisions\/78754"}],"wp:featuredmedia":[{"embeddable":true,"href":"https:\/\/www.egemtv.com\/index.php?rest_route=\/wp\/v2\/media\/78753"}],"wp:attachment":[{"href":"https:\/\/www.egemtv.com\/index.php?rest_route=%2Fwp%2Fv2%2Fmedia&parent=78752"}],"wp:term":[{"taxonomy":"category","embeddable":true,"href":"https:\/\/www.egemtv.com\/index.php?rest_route=%2Fwp%2Fv2%2Fcategories&post=78752"},{"taxonomy":"post_tag","embeddable":true,"href":"https:\/\/www.egemtv.com\/index.php?rest_route=%2Fwp%2Fv2%2Ftags&post=78752"}],"curies":[{"name":"wp","href":"https:\/\/api.w.org\/{rel}","templated":true}]}}