{"id":78749,"date":"2026-01-06T09:14:55","date_gmt":"2026-01-06T06:14:55","guid":{"rendered":"https:\/\/www.egemtv.com\/?p=78749"},"modified":"2026-01-06T09:14:57","modified_gmt":"2026-01-06T06:14:57","slug":"mavisehirde-yenileme-projesi-devam-ediyor","status":"publish","type":"post","link":"https:\/\/www.egemtv.com\/?p=78749","title":{"rendered":"Mavi\u015fehir\u2019de yenileme projesi devam ediyor"},"content":{"rendered":"<p>Didim Belediyesi taraf\u0131ndan Mavi\u015fehir Mahallesi\u2019nde halk\u0131n ya\u015fam kalitesini art\u0131rmak amac\u0131yla hayata ge\u00e7irilen Mavi\u015fehir Pazaryeri ve \u00e7evresini kapsayan kapsaml\u0131 yenileme projesi t\u00fcm h\u0131z\u0131yla s\u00fcr\u00fcyor.<br \/>\n<br \/>Proje kapsam\u0131nda bisiklet yollar\u0131 ve y\u00fcr\u00fcy\u00fc\u015f yollar\u0131 olu\u015fturulurken, halk\u0131n keyifle vakit ge\u00e7irebilece\u011fi dinlenme alanlar\u0131 da d\u00fczenleniyor. \u00c7ocuk oyun alanlar\u0131, spor alanlar\u0131 ve \u00e7e\u015fitli hizmet birimleriyle her ya\u015ftan halk\u0131n kullan\u0131m\u0131na a\u00e7\u0131k, \u00e7ok y\u00f6nl\u00fc bir ya\u015fam alan\u0131 hayata ge\u00e7iriliyor. Pazaryeri \u00e7evresinde yap\u0131lan d\u00fczenlemelerle hem esnaf\u0131n hem de halk\u0131n daha konforlu ve d\u00fczenli bir ortamda hizmet almas\u0131 ama\u00e7lan\u0131yor.<br \/>\n<br \/>Didim Belediye Ba\u015fkan\u0131 Hatice Gen\u00e7ay, devam eden \u00e7al\u0131\u015fmalar\u0131 yerinde inceleyerek sahada y\u00fcr\u00fct\u00fclen uygulamalar hakk\u0131nda belediye ekiplerinden bilgi ald\u0131. Ba\u015fkan Hatice Gen\u00e7ay, Mavi\u015fehir Mahallesi\u2019nde y\u00fcr\u00fct\u00fclen \u00e7al\u0131\u015fmalar\u0131n il\u00e7enin genel planlama anlay\u0131\u015f\u0131 do\u011frultusunda, ihtiya\u00e7lar g\u00f6zetilerek ve kal\u0131c\u0131 \u00e7\u00f6z\u00fcmler \u00fcretilerek s\u00fcrd\u00fcr\u00fcld\u00fc\u011f\u00fcn\u00fc ifade etti. Yap\u0131lan \u00e7al\u0131\u015fmalarla yaln\u0131zca fiziksel bir d\u00fczenleme de\u011fil, ayn\u0131 zamanda sosyal ya\u015fam\u0131 g\u00fc\u00e7lendiren, her kesime hitap eden nitelikli bir kamusal alan\u0131n mahalleye kazand\u0131r\u0131ld\u0131\u011f\u0131n\u0131 vurgulad\u0131.<br \/><\/p>\n","protected":false},"excerpt":{"rendered":"<p>Didim Belediyesi taraf\u0131ndan Mavi\u015fehir Mahallesi\u2019nde halk\u0131n ya\u015fam kalitesini art\u0131rmak amac\u0131yla hayata ge\u00e7irilen Mavi\u015fehir Pazaryeri ve \u00e7evresini kapsayan kapsaml\u0131 yenileme projesi t\u00fcm h\u0131z\u0131yla s\u00fcr\u00fcyor. Proje kapsam\u0131nda bisiklet yollar\u0131 ve y\u00fcr\u00fcy\u00fc\u015f yollar\u0131 olu\u015fturulurken, halk\u0131n keyifle vakit ge\u00e7irebilece\u011fi dinlenme alanlar\u0131 da d\u00fczenleniyor. \u00c7ocuk oyun alanlar\u0131, spor alanlar\u0131 ve \u00e7e\u015fitli hizmet birimleriyle her ya\u015ftan halk\u0131n kullan\u0131m\u0131na a\u00e7\u0131k, \u00e7ok y\u00f6nl\u00fc&#8230;<\/p>\n","protected":false},"author":1,"featured_media":78750,"comment_status":"open","ping_status":"open","sticky":false,"template":"","format":"standard","meta":{"_crdt_document":"","footnotes":""},"categories":[1],"tags":[],"class_list":["post-78749","post","type-post","status-publish","format-standard","has-post-thumbnail","hentry","category-guncel"],"_links":{"self":[{"href":"https:\/\/www.egemtv.com\/index.php?rest_route=\/wp\/v2\/posts\/78749","targetHints":{"allow":["GET"]}}],"collection":[{"href":"https:\/\/www.egemtv.com\/index.php?rest_route=\/wp\/v2\/posts"}],"about":[{"href":"https:\/\/www.egemtv.com\/index.php?rest_route=\/wp\/v2\/types\/post"}],"author":[{"embeddable":true,"href":"https:\/\/www.egemtv.com\/index.php?rest_route=\/wp\/v2\/users\/1"}],"replies":[{"embeddable":true,"href":"https:\/\/www.egemtv.com\/index.php?rest_route=%2Fwp%2Fv2%2Fcomments&post=78749"}],"version-history":[{"count":1,"href":"https:\/\/www.egemtv.com\/index.php?rest_route=\/wp\/v2\/posts\/78749\/revisions"}],"predecessor-version":[{"id":78751,"href":"https:\/\/www.egemtv.com\/index.php?rest_route=\/wp\/v2\/posts\/78749\/revisions\/78751"}],"wp:featuredmedia":[{"embeddable":true,"href":"https:\/\/www.egemtv.com\/index.php?rest_route=\/wp\/v2\/media\/78750"}],"wp:attachment":[{"href":"https:\/\/www.egemtv.com\/index.php?rest_route=%2Fwp%2Fv2%2Fmedia&parent=78749"}],"wp:term":[{"taxonomy":"category","embeddable":true,"href":"https:\/\/www.egemtv.com\/index.php?rest_route=%2Fwp%2Fv2%2Fcategories&post=78749"},{"taxonomy":"post_tag","embeddable":true,"href":"https:\/\/www.egemtv.com\/index.php?rest_route=%2Fwp%2Fv2%2Ftags&post=78749"}],"curies":[{"name":"wp","href":"https:\/\/api.w.org\/{rel}","templated":true}]}}