{"id":78746,"date":"2026-01-06T08:55:52","date_gmt":"2026-01-06T05:55:52","guid":{"rendered":"https:\/\/www.egemtv.com\/?p=78746"},"modified":"2026-01-06T08:55:53","modified_gmt":"2026-01-06T05:55:53","slug":"kusadasi-belediye-meclisi-2026-yilinin-ilk-toplantisini-yapti","status":"publish","type":"post","link":"https:\/\/www.egemtv.com\/?p=78746","title":{"rendered":"Ku\u015fadas\u0131 Belediye Meclisi 2026 y\u0131l\u0131n\u0131n ilk toplant\u0131s\u0131n\u0131 yapt\u0131"},"content":{"rendered":"<p>Ku\u015fadas\u0131 Belediye Meclisi, 2026 y\u0131l\u0131n\u0131n ilk toplant\u0131s\u0131n\u0131 ger\u00e7ekle\u015ftirdi. Toplant\u0131da, vatanda\u015flara daha iyi ve kaliteli hizmet vermek amac\u0131yla meclisin bu y\u0131l da tatil yapmadan \u00e7al\u0131\u015fmas\u0131na karar verildi.<\/p>\n<p>Ku\u015fadas\u0131 Belediye Meclisi Ocak Ay\u0131 Ola\u011fan Toplant\u0131s\u0131, Ku\u015fadas\u0131 Belediye Ba\u015fkan\u0131 \u00d6mer G\u00fcnel ba\u015fkanl\u0131\u011f\u0131nda Pera D\u00fc\u011f\u00fcn, Organizasyon ve K\u00fclt\u00fcr Merkezi\u2019nde yap\u0131ld\u0131. Toplant\u0131da, Ku\u015fadas\u0131 Belediye Meclisi\u2019nin 2026 y\u0131l\u0131 boyunca her ay\u0131n ilk pazartesi g\u00fcn\u00fc toplanmas\u0131na ve y\u0131l boyunca tatil yapmamas\u0131na karar verildi. Toplant\u0131da ayr\u0131ca Ku\u015fadas\u0131 Belediyesi Denetim Komisyonu \u00fcyeleri de se\u00e7ildi. Yap\u0131lan gizli oylama ile Denetim Komisyonu\u2019nda Belediye Meclis \u00fcyelerinden Mehmet Sar\u0131dedeo\u011flu, Hayati Atl\u0131, Nil\u00fcfer Tekta\u015f Cevahir ve Volkan Ger\u00e7ek\u2019in yer almas\u0131 karara ba\u011fland\u0131.<\/p>\n<p>Yeni y\u0131l\u0131n ilk meclis toplant\u0131s\u0131nda kent ile ilgili \u00f6nemli kararlar da al\u0131nd\u0131. Bu kapsamda T\u00fcrkmen ve So\u011fucak Mahallelerinde bulunan 2 ta\u015f\u0131nmaz\u0131n Sa\u011fl\u0131k Oca\u011f\u0131 yap\u0131lmas\u0131 i\u00e7in 25 y\u0131ll\u0131\u011f\u0131na Ku\u015fadas\u0131 \u0130l\u00e7e Sa\u011fl\u0131k M\u00fcd\u00fcrl\u00fc\u011f\u00fc\u2019ne tahsisi kararla\u015ft\u0131r\u0131ld\u0131. Ku\u015fadas\u0131 Belediye Ba\u015fkan\u0131 \u00d6mer G\u00fcnel de 2026 y\u0131l\u0131n\u0131n ilk meclis toplant\u0131s\u0131n\u0131n Ku\u015fadas\u0131\u2019na ve hem\u015fehrilerine hay\u0131rl\u0131 olmas\u0131 dile\u011finde bulundu.<br \/><\/p>\n","protected":false},"excerpt":{"rendered":"<p>Ku\u015fadas\u0131 Belediye Meclisi, 2026 y\u0131l\u0131n\u0131n ilk toplant\u0131s\u0131n\u0131 ger\u00e7ekle\u015ftirdi. Toplant\u0131da, vatanda\u015flara daha iyi ve kaliteli hizmet vermek amac\u0131yla meclisin bu y\u0131l da tatil yapmadan \u00e7al\u0131\u015fmas\u0131na karar verildi. Ku\u015fadas\u0131 Belediye Meclisi Ocak Ay\u0131 Ola\u011fan Toplant\u0131s\u0131, Ku\u015fadas\u0131 Belediye Ba\u015fkan\u0131 \u00d6mer G\u00fcnel ba\u015fkanl\u0131\u011f\u0131nda Pera D\u00fc\u011f\u00fcn, Organizasyon ve K\u00fclt\u00fcr Merkezi\u2019nde yap\u0131ld\u0131. Toplant\u0131da, Ku\u015fadas\u0131 Belediye Meclisi\u2019nin 2026 y\u0131l\u0131 boyunca her ay\u0131n&#8230;<\/p>\n","protected":false},"author":1,"featured_media":78747,"comment_status":"open","ping_status":"open","sticky":false,"template":"","format":"standard","meta":{"_crdt_document":"","footnotes":""},"categories":[127],"tags":[],"class_list":["post-78746","post","type-post","status-publish","format-standard","has-post-thumbnail","hentry","category-siyaset"],"_links":{"self":[{"href":"https:\/\/www.egemtv.com\/index.php?rest_route=\/wp\/v2\/posts\/78746","targetHints":{"allow":["GET"]}}],"collection":[{"href":"https:\/\/www.egemtv.com\/index.php?rest_route=\/wp\/v2\/posts"}],"about":[{"href":"https:\/\/www.egemtv.com\/index.php?rest_route=\/wp\/v2\/types\/post"}],"author":[{"embeddable":true,"href":"https:\/\/www.egemtv.com\/index.php?rest_route=\/wp\/v2\/users\/1"}],"replies":[{"embeddable":true,"href":"https:\/\/www.egemtv.com\/index.php?rest_route=%2Fwp%2Fv2%2Fcomments&post=78746"}],"version-history":[{"count":1,"href":"https:\/\/www.egemtv.com\/index.php?rest_route=\/wp\/v2\/posts\/78746\/revisions"}],"predecessor-version":[{"id":78748,"href":"https:\/\/www.egemtv.com\/index.php?rest_route=\/wp\/v2\/posts\/78746\/revisions\/78748"}],"wp:featuredmedia":[{"embeddable":true,"href":"https:\/\/www.egemtv.com\/index.php?rest_route=\/wp\/v2\/media\/78747"}],"wp:attachment":[{"href":"https:\/\/www.egemtv.com\/index.php?rest_route=%2Fwp%2Fv2%2Fmedia&parent=78746"}],"wp:term":[{"taxonomy":"category","embeddable":true,"href":"https:\/\/www.egemtv.com\/index.php?rest_route=%2Fwp%2Fv2%2Fcategories&post=78746"},{"taxonomy":"post_tag","embeddable":true,"href":"https:\/\/www.egemtv.com\/index.php?rest_route=%2Fwp%2Fv2%2Ftags&post=78746"}],"curies":[{"name":"wp","href":"https:\/\/api.w.org\/{rel}","templated":true}]}}