{"id":78743,"date":"2026-01-06T08:55:51","date_gmt":"2026-01-06T05:55:51","guid":{"rendered":"https:\/\/www.egemtv.com\/?p=78743"},"modified":"2026-01-06T08:55:52","modified_gmt":"2026-01-06T05:55:52","slug":"yataganli-yorukler-ilk-genel-kurulu-yapti","status":"publish","type":"post","link":"https:\/\/www.egemtv.com\/?p=78743","title":{"rendered":"Yata\u011fanl\u0131 y\u00f6r\u00fckler ilk genel kurulu yapt\u0131"},"content":{"rendered":"<p>Yata\u011fan Y\u00f6r\u00fck Obalar\u0131 Derne\u011fi, ilk ola\u011fan genel kurulunu ger\u00e7ekle\u015ftirdi.<\/p>\n<p>Ola\u011fan genel kurul, Yata\u011fan Otogar\u0131 i\u00e7erisinde bulunan dernek binas\u0131 salonunda yap\u0131ld\u0131. Genel kurulda derne\u011fin kurulu\u015f s\u00fcreci, hedefleri ve \u00f6n\u00fcm\u00fczdeki d\u00f6nem yap\u0131lmas\u0131 planlanan \u00e7al\u0131\u015fmalar ele al\u0131nd\u0131. Genel kurulda konu\u015fan Yata\u011fan Y\u00f6r\u00fck Obalar\u0131 Derne\u011fi Ba\u015fkan\u0131 Bekir S\u00fcr\u00fcc\u00fc, Y\u00f6r\u00fck k\u00fclt\u00fcr\u00fcn\u00fcn ya\u015fat\u0131lmas\u0131 ve gelecek ku\u015faklara aktar\u0131lmas\u0131n\u0131n \u00f6nemine vurgu yaparak, &#8220;Derne\u011fimizi Yata\u011fan\u2019daki Y\u00f6r\u00fck obalar\u0131n\u0131n birlik ve beraberli\u011fini g\u00fc\u00e7lendirmek, k\u00fclt\u00fcr\u00fcm\u00fcz\u00fc unutturmamak amac\u0131yla kurduk. \u0130n\u015fallah bundan sonra yapaca\u011f\u0131m\u0131z etkinliklerle Y\u00f6r\u00fck k\u00fclt\u00fcr\u00fcn\u00fc daha geni\u015f kitlelere tan\u0131taca\u011f\u0131z&#8221; dedi.<\/p>\n<p>Genel kurulda, derne\u011fin y\u00f6netim kurulunun 7 asil ve 7 yedek \u00fcyeden olu\u015fmas\u0131na karar verildi. Buna g\u00f6re yeni y\u00f6netim Ba\u015fkan Bekir S\u00fcr\u00fcc\u00fc, Ba\u015fkan Yard\u0131mc\u0131s\u0131 Mehmet Pepir, Sekreter Ali \u015eim\u015fek, Yazman Emine Camuz isimlerinden olu\u015ftu.<br \/>\n<br \/>Genel kurul, dilek ve temennilerin ard\u0131ndan sona erdi.<br \/><\/p>\n","protected":false},"excerpt":{"rendered":"<p>Yata\u011fan Y\u00f6r\u00fck Obalar\u0131 Derne\u011fi, ilk ola\u011fan genel kurulunu ger\u00e7ekle\u015ftirdi. Ola\u011fan genel kurul, Yata\u011fan Otogar\u0131 i\u00e7erisinde bulunan dernek binas\u0131 salonunda yap\u0131ld\u0131. Genel kurulda derne\u011fin kurulu\u015f s\u00fcreci, hedefleri ve \u00f6n\u00fcm\u00fczdeki d\u00f6nem yap\u0131lmas\u0131 planlanan \u00e7al\u0131\u015fmalar ele al\u0131nd\u0131. Genel kurulda konu\u015fan Yata\u011fan Y\u00f6r\u00fck Obalar\u0131 Derne\u011fi Ba\u015fkan\u0131 Bekir S\u00fcr\u00fcc\u00fc, Y\u00f6r\u00fck k\u00fclt\u00fcr\u00fcn\u00fcn ya\u015fat\u0131lmas\u0131 ve gelecek ku\u015faklara aktar\u0131lmas\u0131n\u0131n \u00f6nemine vurgu yaparak, &#8220;Derne\u011fimizi&#8230;<\/p>\n","protected":false},"author":1,"featured_media":78744,"comment_status":"open","ping_status":"open","sticky":false,"template":"","format":"standard","meta":{"_crdt_document":"","footnotes":""},"categories":[1],"tags":[],"class_list":["post-78743","post","type-post","status-publish","format-standard","has-post-thumbnail","hentry","category-guncel"],"_links":{"self":[{"href":"https:\/\/www.egemtv.com\/index.php?rest_route=\/wp\/v2\/posts\/78743","targetHints":{"allow":["GET"]}}],"collection":[{"href":"https:\/\/www.egemtv.com\/index.php?rest_route=\/wp\/v2\/posts"}],"about":[{"href":"https:\/\/www.egemtv.com\/index.php?rest_route=\/wp\/v2\/types\/post"}],"author":[{"embeddable":true,"href":"https:\/\/www.egemtv.com\/index.php?rest_route=\/wp\/v2\/users\/1"}],"replies":[{"embeddable":true,"href":"https:\/\/www.egemtv.com\/index.php?rest_route=%2Fwp%2Fv2%2Fcomments&post=78743"}],"version-history":[{"count":1,"href":"https:\/\/www.egemtv.com\/index.php?rest_route=\/wp\/v2\/posts\/78743\/revisions"}],"predecessor-version":[{"id":78745,"href":"https:\/\/www.egemtv.com\/index.php?rest_route=\/wp\/v2\/posts\/78743\/revisions\/78745"}],"wp:featuredmedia":[{"embeddable":true,"href":"https:\/\/www.egemtv.com\/index.php?rest_route=\/wp\/v2\/media\/78744"}],"wp:attachment":[{"href":"https:\/\/www.egemtv.com\/index.php?rest_route=%2Fwp%2Fv2%2Fmedia&parent=78743"}],"wp:term":[{"taxonomy":"category","embeddable":true,"href":"https:\/\/www.egemtv.com\/index.php?rest_route=%2Fwp%2Fv2%2Fcategories&post=78743"},{"taxonomy":"post_tag","embeddable":true,"href":"https:\/\/www.egemtv.com\/index.php?rest_route=%2Fwp%2Fv2%2Ftags&post=78743"}],"curies":[{"name":"wp","href":"https:\/\/api.w.org\/{rel}","templated":true}]}}