{"id":78740,"date":"2026-01-06T08:55:51","date_gmt":"2026-01-06T05:55:51","guid":{"rendered":"https:\/\/www.egemtv.com\/?p=78740"},"modified":"2026-01-06T08:55:51","modified_gmt":"2026-01-06T05:55:51","slug":"bozdoganda-guven-tazeleyen-baskanlardan-kunkcuye-yanindayiz-mesaji","status":"publish","type":"post","link":"https:\/\/www.egemtv.com\/?p=78740","title":{"rendered":"Bozdo\u011fan\u2019da g\u00fcven tazeleyen ba\u015fkanlardan, K\u00fcnkc\u00fc\u2019ye &#8220;yan\u0131nday\u0131z&#8221; mesaj\u0131"},"content":{"rendered":"<p>Ayd\u0131n\u2019\u0131n Bozd\u011fan il\u00e7esinde ger\u00e7ekle\u015ftirilen genel kurullar\u0131nda g\u00fcven tazeleyen Bozdo\u011fan Esnaf ve Sanatkarlar Odas\u0131 Ba\u015fkan\u0131 Deniz \u00c7ift\u00e7io\u011flu ile Bozdo\u011fan \u015eof\u00f6rler ve Otomobilciler Odas\u0131 Ba\u015fkan\u0131 Erdal Konya, se\u00e7imlerin ard\u0131ndan Ayd\u0131n Esnaf ve Sanatkarlar Odalar\u0131 Birli\u011fi (AYESOB) Ba\u015fkan\u0131 Muhammet Ali K\u00fcnkc\u00fc\u2019ye destek mesaj\u0131 verdi.<\/p>\n<p>Bozdo\u011fan Esnaf ve Sanatkarlar Odas\u0131 Ba\u015fkan\u0131 Deniz \u00c7ift\u00e7io\u011flu ile Bozdo\u011fan \u015eof\u00f6rler ve Otomobilciler Odas\u0131 Ba\u015fkan\u0131 Erdal Konya, ola\u011fan genel kurullarda yeniden g\u00f6reve se\u00e7ildi. Esnaf\u0131n g\u00fc\u00e7l\u00fc deste\u011fini bir kez daha arkas\u0131na alan iki ba\u015fkan, se\u00e7imlerin ard\u0131ndan Ayd\u0131n Esnaf ve Sanatkarlar Odalar\u0131 Birli\u011fi (AYESOB) Ba\u015fkan\u0131 Muhammet Ali K\u00fcnkc\u00fc\u2019y\u00fc yeniden birlik ba\u015fkan\u0131 se\u00e7tirmek i\u00e7in kararl\u0131 olduklar\u0131n\u0131 a\u00e7\u0131klad\u0131. Her iki odan\u0131n genel kurulunda da divan kurulu ba\u015fkanl\u0131\u011f\u0131 g\u00f6revini \u00fcstlenen ve d\u00f6rt y\u0131ll\u0131k s\u00fcre\u00e7te Bozdo\u011fan esnaf\u0131na her zaman destek olan Ba\u015fkan Muhammet Ali K\u00fcnkc\u00fc\u2019ye y\u00f6nelik destek a\u00e7\u0131klamalar\u0131 dikkat \u00e7ekti. Kongre salonunda se\u00e7imlerin ard\u0131ndan ba\u015fkanlar\u0131n sevincine ortak olan K\u00fcnkc\u00fc, ortaya konan birlik ve beraberlik tablosunun esnaf camias\u0131 ad\u0131na son derece k\u0131ymetli oldu\u011funu vurgulad\u0131.<\/p>\n<p>&#8220;Oda ba\u015fkanlar\u0131m\u0131zla omuz omuza \u00e7al\u0131\u015fmay\u0131 s\u00fcrd\u00fcrece\u011fiz&#8221;<br \/>\n<br \/>AYESOB Ba\u015fkan\u0131 Muhammet Ali K\u00fcnkc\u00fc, Bozdo\u011fanl\u0131 ba\u015fkanlara te\u015fekk\u00fcr ederek &#8220;Deniz \u00c7ift\u00e7io\u011flu ve Erdal Konya ba\u015fkanlar\u0131m\u0131z il\u00e7eleri i\u00e7in gece g\u00fcnd\u00fcz demeden \u00e7al\u0131\u015ft\u0131. \u00c7al\u0131\u015fkanl\u0131klar\u0131yla esnaf\u0131m\u0131z\u0131n daima yan\u0131nda oldular. Demokratik bir ortamda ger\u00e7ekle\u015fen se\u00e7imlerde esnaf\u0131m\u0131z, bu eme\u011fi sand\u0131kta kar\u015f\u0131l\u0131ks\u0131z b\u0131rakmad\u0131 ve kendilerine d\u00f6rt y\u0131l daha g\u00f6rev verdi. \u0130ki ba\u015fkan\u0131m\u0131z\u0131 da can\u0131 g\u00f6n\u00fclden kutluyor, yeni d\u00f6nemde de esnaf\u0131m\u0131za faydal\u0131 hizmetlere imza atacaklar\u0131na y\u00fcrekten inan\u0131yorum. Biz esnaf\u0131m\u0131z\u0131n daima emrindeyiz, onlar\u0131n sorunlar\u0131n\u0131 \u00e7\u00f6zmek i\u00e7in oda ba\u015fkanlar\u0131m\u0131zla omuz omuza \u00e7al\u0131\u015fmay\u0131 s\u00fcrd\u00fcrece\u011fiz&#8221; dedi.<br \/><\/p>\n","protected":false},"excerpt":{"rendered":"<p>Ayd\u0131n\u2019\u0131n Bozd\u011fan il\u00e7esinde ger\u00e7ekle\u015ftirilen genel kurullar\u0131nda g\u00fcven tazeleyen Bozdo\u011fan Esnaf ve Sanatkarlar Odas\u0131 Ba\u015fkan\u0131 Deniz \u00c7ift\u00e7io\u011flu ile Bozdo\u011fan \u015eof\u00f6rler ve Otomobilciler Odas\u0131 Ba\u015fkan\u0131 Erdal Konya, se\u00e7imlerin ard\u0131ndan Ayd\u0131n Esnaf ve Sanatkarlar Odalar\u0131 Birli\u011fi (AYESOB) Ba\u015fkan\u0131 Muhammet Ali K\u00fcnkc\u00fc\u2019ye destek mesaj\u0131 verdi. Bozdo\u011fan Esnaf ve Sanatkarlar Odas\u0131 Ba\u015fkan\u0131 Deniz \u00c7ift\u00e7io\u011flu ile Bozdo\u011fan \u015eof\u00f6rler ve Otomobilciler Odas\u0131&#8230;<\/p>\n","protected":false},"author":1,"featured_media":78741,"comment_status":"open","ping_status":"open","sticky":false,"template":"","format":"standard","meta":{"_crdt_document":"","footnotes":""},"categories":[1],"tags":[],"class_list":["post-78740","post","type-post","status-publish","format-standard","has-post-thumbnail","hentry","category-guncel"],"_links":{"self":[{"href":"https:\/\/www.egemtv.com\/index.php?rest_route=\/wp\/v2\/posts\/78740","targetHints":{"allow":["GET"]}}],"collection":[{"href":"https:\/\/www.egemtv.com\/index.php?rest_route=\/wp\/v2\/posts"}],"about":[{"href":"https:\/\/www.egemtv.com\/index.php?rest_route=\/wp\/v2\/types\/post"}],"author":[{"embeddable":true,"href":"https:\/\/www.egemtv.com\/index.php?rest_route=\/wp\/v2\/users\/1"}],"replies":[{"embeddable":true,"href":"https:\/\/www.egemtv.com\/index.php?rest_route=%2Fwp%2Fv2%2Fcomments&post=78740"}],"version-history":[{"count":1,"href":"https:\/\/www.egemtv.com\/index.php?rest_route=\/wp\/v2\/posts\/78740\/revisions"}],"predecessor-version":[{"id":78742,"href":"https:\/\/www.egemtv.com\/index.php?rest_route=\/wp\/v2\/posts\/78740\/revisions\/78742"}],"wp:featuredmedia":[{"embeddable":true,"href":"https:\/\/www.egemtv.com\/index.php?rest_route=\/wp\/v2\/media\/78741"}],"wp:attachment":[{"href":"https:\/\/www.egemtv.com\/index.php?rest_route=%2Fwp%2Fv2%2Fmedia&parent=78740"}],"wp:term":[{"taxonomy":"category","embeddable":true,"href":"https:\/\/www.egemtv.com\/index.php?rest_route=%2Fwp%2Fv2%2Fcategories&post=78740"},{"taxonomy":"post_tag","embeddable":true,"href":"https:\/\/www.egemtv.com\/index.php?rest_route=%2Fwp%2Fv2%2Ftags&post=78740"}],"curies":[{"name":"wp","href":"https:\/\/api.w.org\/{rel}","templated":true}]}}