{"id":78737,"date":"2026-01-06T08:55:50","date_gmt":"2026-01-06T05:55:50","guid":{"rendered":"https:\/\/www.egemtv.com\/?p=78737"},"modified":"2026-01-06T08:55:51","modified_gmt":"2026-01-06T05:55:51","slug":"kusadasi-belediyesinin-sicak-corba-ikrami-basladi","status":"publish","type":"post","link":"https:\/\/www.egemtv.com\/?p=78737","title":{"rendered":"Ku\u015fadas\u0131 Belediyesi\u2019nin s\u0131cak \u00e7orba ikram\u0131 ba\u015flad\u0131"},"content":{"rendered":"<p>Ku\u015fadas\u0131 Belediyesi\u2019nin ya\u015fama ge\u00e7irdi\u011fi sosyal yard\u0131m \u00e7al\u0131\u015fmalar\u0131 kapsam\u0131nda hem\u015fehrilerine s\u0131cak \u00e7orba ikram\u0131nda bulunmaya ba\u015flad\u0131. S<\/p>\n<p>Sosyal belediyecilik alan\u0131nda ya\u015fama ge\u00e7irdi\u011fi \u00e7al\u0131\u015fmalarla dikkat \u00e7eken Ku\u015fadas\u0131 Belediyesi, havalar\u0131n so\u011fumas\u0131yla birlikte sabah\u0131n erken saatlerinde i\u015fe gitmek i\u00e7in yola \u00e7\u0131kan Ku\u015fadal\u0131lara ge\u00e7ti\u011fimiz y\u0131llarda oldu\u011fu gibi bu y\u0131l da s\u0131cak \u00e7orba ikram\u0131nda bulunmaya ba\u015flad\u0131. \u0130kramlar\u0131n ilki \u0130ki\u00e7e\u015fmelik Mahallesi\u2019nde kurulan semt pazar\u0131n\u0131n giri\u015finde yap\u0131ld\u0131. B\u00fcy\u00fck bir \u00f6zen ve titizlikle haz\u0131rlanan \u00e7orba ile i\u00e7leri \u0131s\u0131nan pazarc\u0131 esnaf\u0131 ve vatanda\u015flar, Ku\u015fadas\u0131 Belediye Ba\u015fkan\u0131 \u00d6mer G\u00fcnel\u2019e te\u015fekk\u00fcr etti. S\u0131cak \u00e7orba ikram\u0131n\u0131n k\u0131\u015f aylar\u0131 boyunca haftan\u0131n belirli g\u00fcnlerinde semt pazarlar\u0131n\u0131n giri\u015finde devam edece\u011fi belirtildi.<br \/><\/p>\n","protected":false},"excerpt":{"rendered":"<p>Ku\u015fadas\u0131 Belediyesi\u2019nin ya\u015fama ge\u00e7irdi\u011fi sosyal yard\u0131m \u00e7al\u0131\u015fmalar\u0131 kapsam\u0131nda hem\u015fehrilerine s\u0131cak \u00e7orba ikram\u0131nda bulunmaya ba\u015flad\u0131. S Sosyal belediyecilik alan\u0131nda ya\u015fama ge\u00e7irdi\u011fi \u00e7al\u0131\u015fmalarla dikkat \u00e7eken Ku\u015fadas\u0131 Belediyesi, havalar\u0131n so\u011fumas\u0131yla birlikte sabah\u0131n erken saatlerinde i\u015fe gitmek i\u00e7in yola \u00e7\u0131kan Ku\u015fadal\u0131lara ge\u00e7ti\u011fimiz y\u0131llarda oldu\u011fu gibi bu y\u0131l da s\u0131cak \u00e7orba ikram\u0131nda bulunmaya ba\u015flad\u0131. \u0130kramlar\u0131n ilki \u0130ki\u00e7e\u015fmelik Mahallesi\u2019nde kurulan semt&#8230;<\/p>\n","protected":false},"author":1,"featured_media":78738,"comment_status":"open","ping_status":"open","sticky":false,"template":"","format":"standard","meta":{"_crdt_document":"","footnotes":""},"categories":[125],"tags":[],"class_list":["post-78737","post","type-post","status-publish","format-standard","has-post-thumbnail","hentry","category-ekonomi"],"_links":{"self":[{"href":"https:\/\/www.egemtv.com\/index.php?rest_route=\/wp\/v2\/posts\/78737","targetHints":{"allow":["GET"]}}],"collection":[{"href":"https:\/\/www.egemtv.com\/index.php?rest_route=\/wp\/v2\/posts"}],"about":[{"href":"https:\/\/www.egemtv.com\/index.php?rest_route=\/wp\/v2\/types\/post"}],"author":[{"embeddable":true,"href":"https:\/\/www.egemtv.com\/index.php?rest_route=\/wp\/v2\/users\/1"}],"replies":[{"embeddable":true,"href":"https:\/\/www.egemtv.com\/index.php?rest_route=%2Fwp%2Fv2%2Fcomments&post=78737"}],"version-history":[{"count":1,"href":"https:\/\/www.egemtv.com\/index.php?rest_route=\/wp\/v2\/posts\/78737\/revisions"}],"predecessor-version":[{"id":78739,"href":"https:\/\/www.egemtv.com\/index.php?rest_route=\/wp\/v2\/posts\/78737\/revisions\/78739"}],"wp:featuredmedia":[{"embeddable":true,"href":"https:\/\/www.egemtv.com\/index.php?rest_route=\/wp\/v2\/media\/78738"}],"wp:attachment":[{"href":"https:\/\/www.egemtv.com\/index.php?rest_route=%2Fwp%2Fv2%2Fmedia&parent=78737"}],"wp:term":[{"taxonomy":"category","embeddable":true,"href":"https:\/\/www.egemtv.com\/index.php?rest_route=%2Fwp%2Fv2%2Fcategories&post=78737"},{"taxonomy":"post_tag","embeddable":true,"href":"https:\/\/www.egemtv.com\/index.php?rest_route=%2Fwp%2Fv2%2Ftags&post=78737"}],"curies":[{"name":"wp","href":"https:\/\/api.w.org\/{rel}","templated":true}]}}