{"id":78734,"date":"2026-01-06T08:55:48","date_gmt":"2026-01-06T05:55:48","guid":{"rendered":"https:\/\/www.egemtv.com\/?p=78734"},"modified":"2026-01-06T08:55:50","modified_gmt":"2026-01-06T05:55:50","slug":"bodrumda-diplomasi-sohbetleri-duzenlenecek","status":"publish","type":"post","link":"https:\/\/www.egemtv.com\/?p=78734","title":{"rendered":"Bodrum\u2019da &#8220;Diplomasi Sohbetleri&#8221; d\u00fczenlenecek"},"content":{"rendered":"<p>Mu\u011fla Gen\u00e7lik Meclisi taraf\u0131ndan d\u00fczenlenen &#8220;Diplomasi Sohbetleri&#8221; program\u0131nda, Mu\u011fla Fransa Fahri Konsolosu Fidel Berber Bodrum\u2019da vatanda\u015flar ile bulu\u015facak.<\/p>\n<p>Mu\u011fla B\u00fcy\u00fck\u015fehir Belediyesi b\u00fcnyesinde faaliyet g\u00f6steren Mu\u011fla Gen\u00e7lik Meclisi, diplomasi alan\u0131ndaki bilgi ve deneyimlerin payla\u015f\u0131laca\u011f\u0131 &#8220;Diplomasi Sohbetleri&#8221; program\u0131n\u0131 hayata ge\u00e7iriyor. Program kapsam\u0131nda Mu\u011fla Fransa Fahri Konsolosu Fidel Berber, T\u00fcrk diplomasisinde deneyim, strateji ve insan hik\u00e2yelerini kat\u0131l\u0131mc\u0131larla payla\u015facak.<\/p>\n<p>Etkinlik, 10 Ocak 2026 Cumartesi g\u00fcn\u00fc saat 18.00\u2019de, Bodrum Belediyesi Nurol K\u00fclt\u00fcr Merkezi\u2019nde ger\u00e7ekle\u015ftirilecek. S\u00f6yle\u015fide, uluslararas\u0131 ili\u015fkilerde diplomasi prati\u011fi, karar alma s\u00fcre\u00e7leri ve insan odakl\u0131 yakla\u015f\u0131m ele al\u0131nacak.<br \/><\/p>\n","protected":false},"excerpt":{"rendered":"<p>Mu\u011fla Gen\u00e7lik Meclisi taraf\u0131ndan d\u00fczenlenen &#8220;Diplomasi Sohbetleri&#8221; program\u0131nda, Mu\u011fla Fransa Fahri Konsolosu Fidel Berber Bodrum\u2019da vatanda\u015flar ile bulu\u015facak. Mu\u011fla B\u00fcy\u00fck\u015fehir Belediyesi b\u00fcnyesinde faaliyet g\u00f6steren Mu\u011fla Gen\u00e7lik Meclisi, diplomasi alan\u0131ndaki bilgi ve deneyimlerin payla\u015f\u0131laca\u011f\u0131 &#8220;Diplomasi Sohbetleri&#8221; program\u0131n\u0131 hayata ge\u00e7iriyor. Program kapsam\u0131nda Mu\u011fla Fransa Fahri Konsolosu Fidel Berber, T\u00fcrk diplomasisinde deneyim, strateji ve insan hik\u00e2yelerini kat\u0131l\u0131mc\u0131larla payla\u015facak&#8230;.<\/p>\n","protected":false},"author":1,"featured_media":78735,"comment_status":"open","ping_status":"open","sticky":false,"template":"","format":"standard","meta":{"_crdt_document":"","footnotes":""},"categories":[1],"tags":[],"class_list":["post-78734","post","type-post","status-publish","format-standard","has-post-thumbnail","hentry","category-guncel"],"_links":{"self":[{"href":"https:\/\/www.egemtv.com\/index.php?rest_route=\/wp\/v2\/posts\/78734","targetHints":{"allow":["GET"]}}],"collection":[{"href":"https:\/\/www.egemtv.com\/index.php?rest_route=\/wp\/v2\/posts"}],"about":[{"href":"https:\/\/www.egemtv.com\/index.php?rest_route=\/wp\/v2\/types\/post"}],"author":[{"embeddable":true,"href":"https:\/\/www.egemtv.com\/index.php?rest_route=\/wp\/v2\/users\/1"}],"replies":[{"embeddable":true,"href":"https:\/\/www.egemtv.com\/index.php?rest_route=%2Fwp%2Fv2%2Fcomments&post=78734"}],"version-history":[{"count":1,"href":"https:\/\/www.egemtv.com\/index.php?rest_route=\/wp\/v2\/posts\/78734\/revisions"}],"predecessor-version":[{"id":78736,"href":"https:\/\/www.egemtv.com\/index.php?rest_route=\/wp\/v2\/posts\/78734\/revisions\/78736"}],"wp:featuredmedia":[{"embeddable":true,"href":"https:\/\/www.egemtv.com\/index.php?rest_route=\/wp\/v2\/media\/78735"}],"wp:attachment":[{"href":"https:\/\/www.egemtv.com\/index.php?rest_route=%2Fwp%2Fv2%2Fmedia&parent=78734"}],"wp:term":[{"taxonomy":"category","embeddable":true,"href":"https:\/\/www.egemtv.com\/index.php?rest_route=%2Fwp%2Fv2%2Fcategories&post=78734"},{"taxonomy":"post_tag","embeddable":true,"href":"https:\/\/www.egemtv.com\/index.php?rest_route=%2Fwp%2Fv2%2Ftags&post=78734"}],"curies":[{"name":"wp","href":"https:\/\/api.w.org\/{rel}","templated":true}]}}