{"id":78196,"date":"2026-01-02T17:14:56","date_gmt":"2026-01-02T14:14:56","guid":{"rendered":"https:\/\/www.egemtv.com\/?p=78196"},"modified":"2026-01-02T17:14:57","modified_gmt":"2026-01-02T14:14:57","slug":"baskan-hasan-huseyin-namaz-orf-ve-adetlerimizi-kendi-imkanlarimizla-yasatmaya-calisiyoruz","status":"publish","type":"post","link":"https:\/\/www.egemtv.com\/?p=78196","title":{"rendered":"Ba\u015fkan Hasan H\u00fcseyin Namaz: &#8220;\u00d6rf ve adetlerimizi kendi imkanlar\u0131m\u0131zla ya\u015fatmaya \u00e7al\u0131\u015f\u0131yoruz&#8221;"},"content":{"rendered":"<p>K\u00fctahya Y\u00f6r\u00fck ve T\u00fcrkmenler Derne\u011fi, B\u00f6rek\u00e7iler Mahallesi\u2019nde bulunan tarihi konakta d\u00fczenledi\u011fi programda bas\u0131n mensuplar\u0131yla bir araya geldi. Samimi bir atmosferde ger\u00e7ekle\u015fen bulu\u015fmada, Y\u00f6r\u00fck-T\u00fcrkmen k\u00fclt\u00fcr\u00fcn\u00fcn ya\u015fat\u0131lmas\u0131 i\u00e7in verilen m\u00fccadele ve ya\u015fanan k\u0131rg\u0131nl\u0131klar dile getirildi.<br \/>\n<br \/>Programda konu\u015fan K\u00fctahya Y\u00f6r\u00fck ve T\u00fcrkmenler Derne\u011fi Ba\u015fkan\u0131 Hasan H\u00fcseyin Namaz, derne\u011fin k\u0131s\u0131tl\u0131 imk\u00e2nlara ra\u011fmen k\u00fclt\u00fcrel miras\u0131 ya\u015fatmak i\u00e7in b\u00fcy\u00fck bir \u00f6zveriyle \u00e7al\u0131\u015ft\u0131\u011f\u0131n\u0131 belirtti. Kentte d\u00fczenlenen baz\u0131 k\u00fclt\u00fcrel etkinliklerde Y\u00f6r\u00fck ve T\u00fcrkmenlerin davet edilmemesinden duydu\u011fu \u00fcz\u00fcnt\u00fcy\u00fc dile getiren Namaz, k\u00fclt\u00fcrel miras\u0131n ancak kapsay\u0131c\u0131 bir anlay\u0131\u015fla ya\u015fat\u0131labilece\u011fini vurgulad\u0131.<\/p>\n<p>Namaz, &#8220;\u00d6rf ve adetlerimizi kendi imkanlar\u0131m\u0131zla ya\u015fatmaya \u00e7al\u0131\u015f\u0131yoruz&#8221; diye konu\u015ftu.<br \/>\n<br \/>Ba\u015fkan Namaz, &#8220;Biz siyaseten herkese e\u015fit mesafedeyiz. K\u00fclt\u00fcr\u00fcm\u00fcz\u00fc ya\u015fatmak i\u00e7in m\u00fccadele ederken, K\u00fctahya\u2019da d\u00fczenlenen baz\u0131 etkinliklere davet edilmememiz bizi \u00fcz\u00fcyor. K\u00fclt\u00fcrel bir \u00e7al\u0131\u015fma varsa, Y\u00f6r\u00fck ve T\u00fcrkmenler de orada olmal\u0131&#8221; dedi.<br \/>\n<br \/>Tarihi kona\u011f\u0131n otantik atmosferinde d\u00fczenlenen gecede, K\u00fctahya ve Eski\u015fehir\u2019den gelen saz ve s\u00f6z ustalar\u0131 sahne ald\u0131. Y\u00f6resel ezgiler e\u015fli\u011finde davetliler keyifli anlar ya\u015farken, k\u00fclt\u00fcrel de\u011ferlerin korunmas\u0131n\u0131n \u00f6nemine dikkat \u00e7ekildi.<br \/>\n<br \/>Program\u0131n sonunda Dernek Ba\u015fkan\u0131 Hasan H\u00fcseyin Namaz, K\u00fctahya Gazeteciler Cemiyeti Ba\u015fkan\u0131 Erkan Sa\u011flam\u2019a ve derne\u011fin \u00e7al\u0131\u015fmalar\u0131na katk\u0131 sunan hay\u0131rsever i\u015f insanlar\u0131na te\u015fekk\u00fcr plaketi takdim etti. T\u00f6rende, bas\u0131n\u0131n k\u00fclt\u00fcrel miras\u0131n ya\u015fat\u0131lmas\u0131ndaki rol\u00fcne vurgu yap\u0131ld\u0131.<br \/>\n<br \/>Gecenin en duygusal an\u0131 ise Namaz\u2019\u0131n torunu Alperen Namaz\u2019\u0131n, dedesine s\u00fcrpriz yaparak beylik k\u0131l\u0131c\u0131 hediye etmesiyle ya\u015fand\u0131. Beylik k\u0131l\u0131c\u0131, &#8220;Y\u00f6r\u00fck-T\u00fcrkmen k\u00fclt\u00fcr\u00fc yaln\u0131z b\u0131rak\u0131lmas\u0131n&#8221; mesaj\u0131n\u0131n sembol\u00fc olarak geceye damga vurdu.<br \/>\n<br \/>Etkinlik, geleneksel ikramlar, k\u00fclt\u00fcrel projeler \u00fczerine yap\u0131lan isti\u015fareler ve davetlilere y\u00f6r\u00fck kefiyesi hediye edilmesinin ard\u0131ndan sona erdi.<br \/><\/p>\n","protected":false},"excerpt":{"rendered":"<p>K\u00fctahya Y\u00f6r\u00fck ve T\u00fcrkmenler Derne\u011fi, B\u00f6rek\u00e7iler Mahallesi\u2019nde bulunan tarihi konakta d\u00fczenledi\u011fi programda bas\u0131n mensuplar\u0131yla bir araya geldi. Samimi bir atmosferde ger\u00e7ekle\u015fen bulu\u015fmada, Y\u00f6r\u00fck-T\u00fcrkmen k\u00fclt\u00fcr\u00fcn\u00fcn ya\u015fat\u0131lmas\u0131 i\u00e7in verilen m\u00fccadele ve ya\u015fanan k\u0131rg\u0131nl\u0131klar dile getirildi. Programda konu\u015fan K\u00fctahya Y\u00f6r\u00fck ve T\u00fcrkmenler Derne\u011fi Ba\u015fkan\u0131 Hasan H\u00fcseyin Namaz, derne\u011fin k\u0131s\u0131tl\u0131 imk\u00e2nlara ra\u011fmen k\u00fclt\u00fcrel miras\u0131 ya\u015fatmak i\u00e7in b\u00fcy\u00fck bir \u00f6zveriyle&#8230;<\/p>\n","protected":false},"author":1,"featured_media":78197,"comment_status":"open","ping_status":"open","sticky":false,"template":"","format":"standard","meta":{"_crdt_document":"","footnotes":""},"categories":[123],"tags":[],"class_list":["post-78196","post","type-post","status-publish","format-standard","has-post-thumbnail","hentry","category-gundem"],"_links":{"self":[{"href":"https:\/\/www.egemtv.com\/index.php?rest_route=\/wp\/v2\/posts\/78196","targetHints":{"allow":["GET"]}}],"collection":[{"href":"https:\/\/www.egemtv.com\/index.php?rest_route=\/wp\/v2\/posts"}],"about":[{"href":"https:\/\/www.egemtv.com\/index.php?rest_route=\/wp\/v2\/types\/post"}],"author":[{"embeddable":true,"href":"https:\/\/www.egemtv.com\/index.php?rest_route=\/wp\/v2\/users\/1"}],"replies":[{"embeddable":true,"href":"https:\/\/www.egemtv.com\/index.php?rest_route=%2Fwp%2Fv2%2Fcomments&post=78196"}],"version-history":[{"count":1,"href":"https:\/\/www.egemtv.com\/index.php?rest_route=\/wp\/v2\/posts\/78196\/revisions"}],"predecessor-version":[{"id":78198,"href":"https:\/\/www.egemtv.com\/index.php?rest_route=\/wp\/v2\/posts\/78196\/revisions\/78198"}],"wp:featuredmedia":[{"embeddable":true,"href":"https:\/\/www.egemtv.com\/index.php?rest_route=\/wp\/v2\/media\/78197"}],"wp:attachment":[{"href":"https:\/\/www.egemtv.com\/index.php?rest_route=%2Fwp%2Fv2%2Fmedia&parent=78196"}],"wp:term":[{"taxonomy":"category","embeddable":true,"href":"https:\/\/www.egemtv.com\/index.php?rest_route=%2Fwp%2Fv2%2Fcategories&post=78196"},{"taxonomy":"post_tag","embeddable":true,"href":"https:\/\/www.egemtv.com\/index.php?rest_route=%2Fwp%2Fv2%2Ftags&post=78196"}],"curies":[{"name":"wp","href":"https:\/\/api.w.org\/{rel}","templated":true}]}}