{"id":78190,"date":"2026-01-02T16:55:02","date_gmt":"2026-01-02T13:55:02","guid":{"rendered":"https:\/\/www.egemtv.com\/?p=78190"},"modified":"2026-01-02T16:55:03","modified_gmt":"2026-01-02T13:55:03","slug":"izmirde-19-yil-hapis-cezasi-bulunan-firari-yakalandi","status":"publish","type":"post","link":"https:\/\/www.egemtv.com\/?p=78190","title":{"rendered":"\u0130zmir\u2019de 19 y\u0131l hapis cezas\u0131 bulunan firari yakaland\u0131"},"content":{"rendered":"<p>\u0130zmir\u2019in Konak il\u00e7esinde hakk\u0131nda silahl\u0131 ya\u011fma su\u00e7undan 19 y\u0131l kesinle\u015fmi\u015f hapis cezas\u0131 bulunan \u015fah\u0131s polis ekiplerince yakaland\u0131.<br \/>\n<br \/>Edinilen bilgiye g\u00f6re, Konak \u0130l\u00e7e Emniyet M\u00fcd\u00fcrl\u00fc\u011f\u00fc Devriye Ekipler Amirli\u011fi ekipleri, 31 Aral\u0131k g\u00fcn\u00fc aranan \u015fah\u0131slar\u0131n yakalanmas\u0131na y\u00f6nelik geni\u015f \u00e7apl\u0131 bir \u00e7al\u0131\u015fma ger\u00e7ekle\u015ftirdi. Y\u00fcr\u00fct\u00fclen saha \u00e7al\u0131\u015fmalar\u0131 kapsam\u0131nda \u015f\u00fcphe \u00fczerine durdurulan H.\u00d6. (44) isimli \u015fahs\u0131n yap\u0131lan Genel Bilgi Toplama (GBT) sorgusunda; &#8220;silahl\u0131 ya\u011fma&#8221; su\u00e7undan hakk\u0131nda 19 y\u0131l 4 ay 7 g\u00fcn kesinle\u015fmi\u015f hapis cezas\u0131 bulundu\u011fu tespit edildi. G\u00f6zalt\u0131na al\u0131nan H.\u00d6., polisteki i\u015flemlerinin ard\u0131ndan sevk edildi\u011fi adli mercilerce tutuklanarak cezaevine g\u00f6nderildi.<br \/><\/p>\n","protected":false},"excerpt":{"rendered":"<p>\u0130zmir\u2019in Konak il\u00e7esinde hakk\u0131nda silahl\u0131 ya\u011fma su\u00e7undan 19 y\u0131l kesinle\u015fmi\u015f hapis cezas\u0131 bulunan \u015fah\u0131s polis ekiplerince yakaland\u0131. Edinilen bilgiye g\u00f6re, Konak \u0130l\u00e7e Emniyet M\u00fcd\u00fcrl\u00fc\u011f\u00fc Devriye Ekipler Amirli\u011fi ekipleri, 31 Aral\u0131k g\u00fcn\u00fc aranan \u015fah\u0131slar\u0131n yakalanmas\u0131na y\u00f6nelik geni\u015f \u00e7apl\u0131 bir \u00e7al\u0131\u015fma ger\u00e7ekle\u015ftirdi. Y\u00fcr\u00fct\u00fclen saha \u00e7al\u0131\u015fmalar\u0131 kapsam\u0131nda \u015f\u00fcphe \u00fczerine durdurulan H.\u00d6. (44) isimli \u015fahs\u0131n yap\u0131lan Genel Bilgi Toplama&#8230;<\/p>\n","protected":false},"author":1,"featured_media":78191,"comment_status":"open","ping_status":"open","sticky":false,"template":"","format":"standard","meta":{"_crdt_document":"","footnotes":""},"categories":[5],"tags":[],"class_list":["post-78190","post","type-post","status-publish","format-standard","has-post-thumbnail","hentry","category-asayis"],"_links":{"self":[{"href":"https:\/\/www.egemtv.com\/index.php?rest_route=\/wp\/v2\/posts\/78190","targetHints":{"allow":["GET"]}}],"collection":[{"href":"https:\/\/www.egemtv.com\/index.php?rest_route=\/wp\/v2\/posts"}],"about":[{"href":"https:\/\/www.egemtv.com\/index.php?rest_route=\/wp\/v2\/types\/post"}],"author":[{"embeddable":true,"href":"https:\/\/www.egemtv.com\/index.php?rest_route=\/wp\/v2\/users\/1"}],"replies":[{"embeddable":true,"href":"https:\/\/www.egemtv.com\/index.php?rest_route=%2Fwp%2Fv2%2Fcomments&post=78190"}],"version-history":[{"count":1,"href":"https:\/\/www.egemtv.com\/index.php?rest_route=\/wp\/v2\/posts\/78190\/revisions"}],"predecessor-version":[{"id":78192,"href":"https:\/\/www.egemtv.com\/index.php?rest_route=\/wp\/v2\/posts\/78190\/revisions\/78192"}],"wp:featuredmedia":[{"embeddable":true,"href":"https:\/\/www.egemtv.com\/index.php?rest_route=\/wp\/v2\/media\/78191"}],"wp:attachment":[{"href":"https:\/\/www.egemtv.com\/index.php?rest_route=%2Fwp%2Fv2%2Fmedia&parent=78190"}],"wp:term":[{"taxonomy":"category","embeddable":true,"href":"https:\/\/www.egemtv.com\/index.php?rest_route=%2Fwp%2Fv2%2Fcategories&post=78190"},{"taxonomy":"post_tag","embeddable":true,"href":"https:\/\/www.egemtv.com\/index.php?rest_route=%2Fwp%2Fv2%2Ftags&post=78190"}],"curies":[{"name":"wp","href":"https:\/\/api.w.org\/{rel}","templated":true}]}}