{"id":78184,"date":"2026-01-02T16:55:00","date_gmt":"2026-01-02T13:55:00","guid":{"rendered":"https:\/\/www.egemtv.com\/?p=78184"},"modified":"2026-01-02T16:55:01","modified_gmt":"2026-01-02T13:55:01","slug":"koycegiz-meslek-yuksek-okulu-ogrencileri-egitimlerini-arazide-surduruyor","status":"publish","type":"post","link":"https:\/\/www.egemtv.com\/?p=78184","title":{"rendered":"K\u00f6yce\u011fiz Meslek Y\u00fcksek Okulu \u00f6\u011frencileri e\u011fitimlerini arazide s\u00fcrd\u00fcr\u00fcyor"},"content":{"rendered":"<p>Mu\u011fla\u2019n\u0131n K\u00f6yce\u011fiz il\u00e7esinde e\u011fitimine devam eden Meslek Y\u00fcksek Okulu Ormanc\u0131l\u0131k b\u00f6l\u00fcm\u00fc \u00f6\u011frencileri Zeytinalan\u0131 Orman Deposu\u2019nda arazi \u00e7al\u0131\u015fmalar\u0131n\u0131 s\u00fcrd\u00fcrd\u00fc.<\/p>\n<p>K\u00f6yce\u011fiz Meslek Y\u00fcksek Okulu Ormanc\u0131l\u0131k ve Orman \u00dcr\u00fcnleri Program\u0131 \u00f6\u011frencileri, Mekanizasyon ve Transport Tekni\u011fi ile Ormanc\u0131l\u0131kta \u0130\u015f Bilgisi dersleri kapsam\u0131nda uygulamal\u0131 arazi \u00e7al\u0131\u015fmas\u0131 ger\u00e7ekle\u015ftirdi. \u00c7al\u0131\u015fma, K\u00f6yce\u011fiz Orman \u0130\u015fletme M\u00fcd\u00fcrl\u00fc\u011f\u00fc Zeytinalan\u0131 Deposu\u2019nda, derslerden sorumlu \u00d6\u011fr. G\u00f6r. Dr. Halit B\u00fcy\u00fcksakall\u0131 ve Depo \u015eefi Fettah Bozok rehberli\u011finde y\u00fcr\u00fct\u00fcld\u00fc. Arazi \u00e7al\u0131\u015fmas\u0131nda \u00f6\u011frencilere orman \u00fcr\u00fcnlerinin depolanmas\u0131, depo d\u00fczeni ve depo i\u015fleri hakk\u0131nda saha temelli bilgiler aktar\u0131ld\u0131. Uygulama s\u00fcrecinde; orman emvallerinin depoya giri\u015finden istiflenmesine, s\u0131n\u0131fland\u0131r\u0131lmas\u0131ndan sevkiyat ve stok y\u00f6netimi s\u00fcre\u00e7lerine kadar bir\u00e7ok konu yerinde incelendi. Bu kapsamda \u00f6\u011frenciler, teorik bilgilerini uygulama ile peki\u015ftirme imk\u00e2n\u0131 buldu. K\u00f6yce\u011fiz Meslek Y\u00fcksek Okulu M\u00fcd\u00fcrl\u00fc\u011f\u00fc taraf\u0131ndan, arazi \u00e7al\u0131\u015fmas\u0131n\u0131n ger\u00e7ekle\u015ftirilmesinde sa\u011flad\u0131klar\u0131 katk\u0131 ve desteklerden dolay\u0131 K\u00f6yce\u011fiz Orman \u0130\u015fletme M\u00fcd\u00fcrl\u00fc\u011f\u00fc Zeytinalan\u0131 Depo \u015eefi Fettah Bozok\u2019a ve depo \u00e7al\u0131\u015fanlar\u0131na te\u015fekk\u00fcr edildi.<br \/><\/p>\n","protected":false},"excerpt":{"rendered":"<p>Mu\u011fla\u2019n\u0131n K\u00f6yce\u011fiz il\u00e7esinde e\u011fitimine devam eden Meslek Y\u00fcksek Okulu Ormanc\u0131l\u0131k b\u00f6l\u00fcm\u00fc \u00f6\u011frencileri Zeytinalan\u0131 Orman Deposu\u2019nda arazi \u00e7al\u0131\u015fmalar\u0131n\u0131 s\u00fcrd\u00fcrd\u00fc. K\u00f6yce\u011fiz Meslek Y\u00fcksek Okulu Ormanc\u0131l\u0131k ve Orman \u00dcr\u00fcnleri Program\u0131 \u00f6\u011frencileri, Mekanizasyon ve Transport Tekni\u011fi ile Ormanc\u0131l\u0131kta \u0130\u015f Bilgisi dersleri kapsam\u0131nda uygulamal\u0131 arazi \u00e7al\u0131\u015fmas\u0131 ger\u00e7ekle\u015ftirdi. \u00c7al\u0131\u015fma, K\u00f6yce\u011fiz Orman \u0130\u015fletme M\u00fcd\u00fcrl\u00fc\u011f\u00fc Zeytinalan\u0131 Deposu\u2019nda, derslerden sorumlu \u00d6\u011fr. G\u00f6r. Dr. Halit&#8230;<\/p>\n","protected":false},"author":1,"featured_media":78185,"comment_status":"open","ping_status":"open","sticky":false,"template":"","format":"standard","meta":{"_crdt_document":"","footnotes":""},"categories":[1],"tags":[],"class_list":["post-78184","post","type-post","status-publish","format-standard","has-post-thumbnail","hentry","category-guncel"],"_links":{"self":[{"href":"https:\/\/www.egemtv.com\/index.php?rest_route=\/wp\/v2\/posts\/78184","targetHints":{"allow":["GET"]}}],"collection":[{"href":"https:\/\/www.egemtv.com\/index.php?rest_route=\/wp\/v2\/posts"}],"about":[{"href":"https:\/\/www.egemtv.com\/index.php?rest_route=\/wp\/v2\/types\/post"}],"author":[{"embeddable":true,"href":"https:\/\/www.egemtv.com\/index.php?rest_route=\/wp\/v2\/users\/1"}],"replies":[{"embeddable":true,"href":"https:\/\/www.egemtv.com\/index.php?rest_route=%2Fwp%2Fv2%2Fcomments&post=78184"}],"version-history":[{"count":1,"href":"https:\/\/www.egemtv.com\/index.php?rest_route=\/wp\/v2\/posts\/78184\/revisions"}],"predecessor-version":[{"id":78186,"href":"https:\/\/www.egemtv.com\/index.php?rest_route=\/wp\/v2\/posts\/78184\/revisions\/78186"}],"wp:featuredmedia":[{"embeddable":true,"href":"https:\/\/www.egemtv.com\/index.php?rest_route=\/wp\/v2\/media\/78185"}],"wp:attachment":[{"href":"https:\/\/www.egemtv.com\/index.php?rest_route=%2Fwp%2Fv2%2Fmedia&parent=78184"}],"wp:term":[{"taxonomy":"category","embeddable":true,"href":"https:\/\/www.egemtv.com\/index.php?rest_route=%2Fwp%2Fv2%2Fcategories&post=78184"},{"taxonomy":"post_tag","embeddable":true,"href":"https:\/\/www.egemtv.com\/index.php?rest_route=%2Fwp%2Fv2%2Ftags&post=78184"}],"curies":[{"name":"wp","href":"https:\/\/api.w.org\/{rel}","templated":true}]}}