{"id":78181,"date":"2026-01-02T16:54:59","date_gmt":"2026-01-02T13:54:59","guid":{"rendered":"https:\/\/www.egemtv.com\/?p=78181"},"modified":"2026-01-02T16:55:00","modified_gmt":"2026-01-02T13:55:00","slug":"ogrencilerin-barinma-imkanlarini-guclendirecek-protokol-imzalandi","status":"publish","type":"post","link":"https:\/\/www.egemtv.com\/?p=78181","title":{"rendered":"\u00d6\u011frencilerin bar\u0131nma imkanlar\u0131n\u0131 g\u00fc\u00e7lendirecek protokol imzaland\u0131"},"content":{"rendered":"<p>Ayd\u0131n Adnan Menderes \u00dcniversitesi (AD\u00dc) ile Ayd\u0131n Gen\u00e7lik ve Spor \u0130l M\u00fcd\u00fcrl\u00fc\u011f\u00fc aras\u0131nda i\u015f birli\u011fi protokol\u00fc imzaland\u0131.<\/p>\n<p>\u0130mza t\u00f6renine, AD\u00dc Rekt\u00f6r\u00fc Prof. Dr. B\u00fclent Kent, Genel Sekreter V. Prof. Dr. Bertan Akyol ile Ayd\u0131n Gen\u00e7lik ve Spor \u0130l M\u00fcd\u00fcr\u00fc Serhat Y\u0131\u011fmatepe kat\u0131ld\u0131. \u0130mzalanan protokol kapsam\u0131nda; m\u00fclkiyeti Ayd\u0131n Adnan Menderes \u00dcniversitesi Rekt\u00f6rl\u00fc\u011f\u00fcne ait olan Ayd\u0131n ili Nazilli il\u00e7esinde yer alan ta\u015f\u0131nmaz \u00fczerine, Gen\u00e7lik ve Spor Bakanl\u0131\u011f\u0131 taraf\u0131ndan in\u015fa edilen 2 \u00f6\u011frenci blo\u011fu ve 1 sosyal tesisten olu\u015fan yurt binas\u0131, hizmet s\u00fcresi boyunca Ayd\u0131n Gen\u00e7lik ve Spor \u0130l M\u00fcd\u00fcrl\u00fc\u011f\u00fcne tahsis edildi. \u0130mzalanan protokol\u00fcn her iki kurum ad\u0131na hay\u0131rl\u0131 olmas\u0131n\u0131 temenni eden Rekt\u00f6r Prof. Dr. B\u00fclent Kent, s\u00f6z konusu i\u015f birli\u011finin \u00f6\u011frencilerin bar\u0131nma imk\u00e2nlar\u0131n\u0131n geli\u015ftirilmesine ve \u00fcniversite-kamu i\u015f birliklerinin g\u00fc\u00e7lendirilmesine \u00f6nemli katk\u0131lar sa\u011flayaca\u011f\u0131n\u0131 ifade etti.<br \/><\/p>\n","protected":false},"excerpt":{"rendered":"<p>Ayd\u0131n Adnan Menderes \u00dcniversitesi (AD\u00dc) ile Ayd\u0131n Gen\u00e7lik ve Spor \u0130l M\u00fcd\u00fcrl\u00fc\u011f\u00fc aras\u0131nda i\u015f birli\u011fi protokol\u00fc imzaland\u0131. \u0130mza t\u00f6renine, AD\u00dc Rekt\u00f6r\u00fc Prof. Dr. B\u00fclent Kent, Genel Sekreter V. Prof. Dr. Bertan Akyol ile Ayd\u0131n Gen\u00e7lik ve Spor \u0130l M\u00fcd\u00fcr\u00fc Serhat Y\u0131\u011fmatepe kat\u0131ld\u0131. \u0130mzalanan protokol kapsam\u0131nda; m\u00fclkiyeti Ayd\u0131n Adnan Menderes \u00dcniversitesi Rekt\u00f6rl\u00fc\u011f\u00fcne ait olan Ayd\u0131n ili&#8230;<\/p>\n","protected":false},"author":1,"featured_media":78182,"comment_status":"open","ping_status":"open","sticky":false,"template":"","format":"standard","meta":{"_crdt_document":"","footnotes":""},"categories":[1],"tags":[],"class_list":["post-78181","post","type-post","status-publish","format-standard","has-post-thumbnail","hentry","category-guncel"],"_links":{"self":[{"href":"https:\/\/www.egemtv.com\/index.php?rest_route=\/wp\/v2\/posts\/78181","targetHints":{"allow":["GET"]}}],"collection":[{"href":"https:\/\/www.egemtv.com\/index.php?rest_route=\/wp\/v2\/posts"}],"about":[{"href":"https:\/\/www.egemtv.com\/index.php?rest_route=\/wp\/v2\/types\/post"}],"author":[{"embeddable":true,"href":"https:\/\/www.egemtv.com\/index.php?rest_route=\/wp\/v2\/users\/1"}],"replies":[{"embeddable":true,"href":"https:\/\/www.egemtv.com\/index.php?rest_route=%2Fwp%2Fv2%2Fcomments&post=78181"}],"version-history":[{"count":1,"href":"https:\/\/www.egemtv.com\/index.php?rest_route=\/wp\/v2\/posts\/78181\/revisions"}],"predecessor-version":[{"id":78183,"href":"https:\/\/www.egemtv.com\/index.php?rest_route=\/wp\/v2\/posts\/78181\/revisions\/78183"}],"wp:featuredmedia":[{"embeddable":true,"href":"https:\/\/www.egemtv.com\/index.php?rest_route=\/wp\/v2\/media\/78182"}],"wp:attachment":[{"href":"https:\/\/www.egemtv.com\/index.php?rest_route=%2Fwp%2Fv2%2Fmedia&parent=78181"}],"wp:term":[{"taxonomy":"category","embeddable":true,"href":"https:\/\/www.egemtv.com\/index.php?rest_route=%2Fwp%2Fv2%2Fcategories&post=78181"},{"taxonomy":"post_tag","embeddable":true,"href":"https:\/\/www.egemtv.com\/index.php?rest_route=%2Fwp%2Fv2%2Ftags&post=78181"}],"curies":[{"name":"wp","href":"https:\/\/api.w.org\/{rel}","templated":true}]}}