{"id":78178,"date":"2026-01-02T16:34:50","date_gmt":"2026-01-02T13:34:50","guid":{"rendered":"https:\/\/www.egemtv.com\/?p=78178"},"modified":"2026-01-02T16:34:50","modified_gmt":"2026-01-02T13:34:50","slug":"datcada-kis-yuzme-maratonu-icin-geri-sayim-basladi","status":"publish","type":"post","link":"https:\/\/www.egemtv.com\/?p=78178","title":{"rendered":"Dat\u00e7a\u2019da \u2019K\u0131\u015f Y\u00fczme Maratonu\u2019 i\u00e7in geri say\u0131m ba\u015flad\u0131"},"content":{"rendered":"<p>Mu\u011fla\u2019n\u0131n Dat\u00e7a il\u00e7esi, T\u00fcrkiye\u2019nin en k\u00f6kl\u00fc a\u00e7\u0131k deniz k\u0131\u015f y\u00fczme organizasyonlar\u0131ndan birine bir kez daha ev sahipli\u011fi yapmaya haz\u0131rlan\u0131yor. Dat\u00e7a A\u00e7\u0131k Deniz K\u0131\u015f Y\u00fczme Maratonu, bu y\u0131l 20. kez d\u00fczenlenecek. Organizasyon, 17 Ocak 2026 Cumartesi g\u00fcn\u00fc Dat\u00e7a\u2019n\u0131n e\u015fsiz do\u011fas\u0131 ve Ege sular\u0131nda ger\u00e7ekle\u015ftirilecek.<\/p>\n<p>Yakla\u015f\u0131k 500 sporcunun kat\u0131l\u0131m\u0131n\u0131n beklendi\u011fi maratonda y\u00fcz\u00fcc\u00fcler, bin 500 metre ve 5 bin metre olmak \u00fczere iki farkl\u0131 parkurda yar\u0131\u015facak.<\/p>\n<p>Dat\u00e7a\u2019n\u0131n do\u011fal k\u0131y\u0131 \u015feridi boyunca olu\u015fturulan parkurlar, r\u00fczgar ve deniz ak\u0131nt\u0131lar\u0131 dikkate al\u0131narak planland\u0131. K\u0131\u015f aylar\u0131nda dahi berrakl\u0131\u011f\u0131n\u0131 koruyan Dat\u00e7a denizi, sporculara zorlu ancak g\u00fcvenli bir y\u00fczme ortam\u0131 sunacak. Akdeniz ile Ege\u2019nin kesi\u015fim noktas\u0131nda yer alan Dat\u00e7a, sahip oldu\u011fu mikroklima \u00f6zelli\u011fi sayesinde k\u0131\u015f y\u00fczmesi i\u00e7in T\u00fcrkiye\u2019nin en elveri\u015fli b\u00f6lgeleri aras\u0131nda g\u00f6steriliyor. Ocak ay\u0131nda deniz suyu s\u0131cakl\u0131\u011f\u0131n\u0131n 16-18 derece aras\u0131nda seyretmesi, koylar\u0131n r\u00fczgardan korunakl\u0131 yap\u0131s\u0131 ve y\u00fcksek tuz oran\u0131, organizasyonu sporcular a\u00e7\u0131s\u0131ndan ayr\u0131cal\u0131kl\u0131 k\u0131l\u0131yor. Maraton, geni\u015f ya\u015f aral\u0131\u011f\u0131yla da dikkat \u00e7ekiyor. Yar\u0131\u015flar, 14 ya\u015f\u0131ndan 85 ya\u015f ve \u00fczeri sporcular\u0131 kapsayan kategorilerde d\u00fczenlenecek. Bu y\u00f6n\u00fcyle etkinlik, sporun her ya\u015fta yap\u0131labilece\u011fini g\u00f6steren \u00f6nemli organizasyonlardan biri olarak \u00f6ne \u00e7\u0131k\u0131yor.<\/p>\n<p>\u0130lk kez 2007 y\u0131l\u0131nda d\u00fczenlenen Dat\u00e7a A\u00e7\u0131k Deniz K\u0131\u015f Y\u00fczme Maratonu, ge\u00e7en 20 y\u0131l i\u00e7inde yaln\u0131zca bir spor etkinli\u011fi de\u011fil, Dat\u00e7a\u2019n\u0131n do\u011fayla uyumlu ya\u015fam k\u00fclt\u00fcr\u00fcn\u00fc yans\u0131tan bir gelenek haline geldi. T\u00fcrkiye\u2019nin d\u00f6rt bir yan\u0131ndan ve yurt d\u0131\u015f\u0131ndan gelen sporcular, Dat\u00e7a\u2019n\u0131n k\u0131\u015f g\u00fcne\u015fi ve sakin atmosferinde bu deneyimi ya\u015fama f\u0131rsat\u0131 buluyor. Dat\u00e7a Belediyesi\u2019nin ev sahipli\u011finde, Dat\u00e7a Spor Kul\u00fcb\u00fc ve g\u00f6n\u00fcll\u00fcler taraf\u0131ndan organize edilen maraton, ticari kayg\u0131lardan uzak yap\u0131s\u0131yla dikkat \u00e7ekiyor. K\u0131\u015f d\u00f6neminde il\u00e7eye hareketlilik kazand\u0131ran etkinli\u011fin, spor turizmi a\u00e7\u0131s\u0131ndan Dat\u00e7a\u2019ya \u00f6nemli katk\u0131 sa\u011flamas\u0131 bekleniyor.<br \/><\/p>\n","protected":false},"excerpt":{"rendered":"<p>Mu\u011fla\u2019n\u0131n Dat\u00e7a il\u00e7esi, T\u00fcrkiye\u2019nin en k\u00f6kl\u00fc a\u00e7\u0131k deniz k\u0131\u015f y\u00fczme organizasyonlar\u0131ndan birine bir kez daha ev sahipli\u011fi yapmaya haz\u0131rlan\u0131yor. Dat\u00e7a A\u00e7\u0131k Deniz K\u0131\u015f Y\u00fczme Maratonu, bu y\u0131l 20. kez d\u00fczenlenecek. Organizasyon, 17 Ocak 2026 Cumartesi g\u00fcn\u00fc Dat\u00e7a\u2019n\u0131n e\u015fsiz do\u011fas\u0131 ve Ege sular\u0131nda ger\u00e7ekle\u015ftirilecek. Yakla\u015f\u0131k 500 sporcunun kat\u0131l\u0131m\u0131n\u0131n beklendi\u011fi maratonda y\u00fcz\u00fcc\u00fcler, bin 500 metre ve 5&#8230;<\/p>\n","protected":false},"author":1,"featured_media":78179,"comment_status":"open","ping_status":"open","sticky":false,"template":"","format":"standard","meta":{"_crdt_document":"","footnotes":""},"categories":[4],"tags":[],"class_list":["post-78178","post","type-post","status-publish","format-standard","has-post-thumbnail","hentry","category-spor"],"_links":{"self":[{"href":"https:\/\/www.egemtv.com\/index.php?rest_route=\/wp\/v2\/posts\/78178","targetHints":{"allow":["GET"]}}],"collection":[{"href":"https:\/\/www.egemtv.com\/index.php?rest_route=\/wp\/v2\/posts"}],"about":[{"href":"https:\/\/www.egemtv.com\/index.php?rest_route=\/wp\/v2\/types\/post"}],"author":[{"embeddable":true,"href":"https:\/\/www.egemtv.com\/index.php?rest_route=\/wp\/v2\/users\/1"}],"replies":[{"embeddable":true,"href":"https:\/\/www.egemtv.com\/index.php?rest_route=%2Fwp%2Fv2%2Fcomments&post=78178"}],"version-history":[{"count":1,"href":"https:\/\/www.egemtv.com\/index.php?rest_route=\/wp\/v2\/posts\/78178\/revisions"}],"predecessor-version":[{"id":78180,"href":"https:\/\/www.egemtv.com\/index.php?rest_route=\/wp\/v2\/posts\/78178\/revisions\/78180"}],"wp:featuredmedia":[{"embeddable":true,"href":"https:\/\/www.egemtv.com\/index.php?rest_route=\/wp\/v2\/media\/78179"}],"wp:attachment":[{"href":"https:\/\/www.egemtv.com\/index.php?rest_route=%2Fwp%2Fv2%2Fmedia&parent=78178"}],"wp:term":[{"taxonomy":"category","embeddable":true,"href":"https:\/\/www.egemtv.com\/index.php?rest_route=%2Fwp%2Fv2%2Fcategories&post=78178"},{"taxonomy":"post_tag","embeddable":true,"href":"https:\/\/www.egemtv.com\/index.php?rest_route=%2Fwp%2Fv2%2Ftags&post=78178"}],"curies":[{"name":"wp","href":"https:\/\/api.w.org\/{rel}","templated":true}]}}