{"id":78085,"date":"2026-01-02T09:14:45","date_gmt":"2026-01-02T06:14:45","guid":{"rendered":"https:\/\/www.egemtv.com\/?p=78085"},"modified":"2026-01-02T09:14:46","modified_gmt":"2026-01-02T06:14:46","slug":"genc-mimarlardan-kuresel-sorunlara-cozumler","status":"publish","type":"post","link":"https:\/\/www.egemtv.com\/?p=78085","title":{"rendered":"Gen\u00e7 mimarlardan k\u00fcresel sorunlara \u00e7\u00f6z\u00fcmler"},"content":{"rendered":"<p>\u0130zmir Serbest Mimarlar Derne\u011fi (\u0130zmir SMD) taraf\u0131ndan d\u00fczenlenen &#8220;Merhaba&#8221; \u00d6\u011frenci Bitirme Projesi Yar\u0131\u015fmas\u0131\u2019nda, Ya\u015far \u00dcniversitesi Mimarl\u0131k B\u00f6l\u00fcm\u00fc mezunlar\u0131 Batuhan Ya\u015f ve Zeynep Naz Alkan b\u00fcy\u00fck bir ba\u015far\u0131ya imza atarak \u00f6d\u00fclleri toplad\u0131.<br \/>\n<br \/>\u0130zmir Serbest Mimarlar Derne\u011fi (\u0130zmir SMD) taraf\u0131ndan bu y\u0131l d\u00fczenlenen ve 102 projenin k\u0131yas\u0131ya yar\u0131\u015ft\u0131\u011f\u0131 &#8220;Merhaba&#8221; \u00d6\u011frenci Bitirme Projesi Yar\u0131\u015fmas\u0131 sonu\u00e7land\u0131. \u0130zmir ve \u00e7evresinin yan\u0131 s\u0131ra k\u00fcresel mekansal sorunlar\u0131 da oda\u011f\u0131na alan yar\u0131\u015fmada, Ya\u015far \u00dcniversitesi Mimarl\u0131k B\u00f6l\u00fcm\u00fc mezunlar\u0131 Batuhan Ya\u015f ve Zeynep Naz Alkan, Do\u00e7. Dr. Mauricio Gabriel Morales Beltran koordinat\u00f6rl\u00fc\u011f\u00fcnde haz\u0131rlad\u0131klar\u0131 projelerle iki \u00f6nemli \u00f6d\u00fcl\u00fcn sahibi oldu.<\/p>\n<p>Afet sonras\u0131 ya\u015fam i\u00e7in topluluk odakl\u0131 bir merkez<br \/>\n<br \/>Batuhan Ya\u015f, Endonezya\u2019n\u0131n Aceh b\u00f6lgesindeki topluluklar i\u00e7in tasarlad\u0131\u011f\u0131 &#8220;HavenFlow&#8221; projesiyle, 102 proje aras\u0131ndan Sergileme \u00d6d\u00fcl\u00fc kazand\u0131 ve ilk 10 proje aras\u0131na girdi. 2004 tsunami felaketi sonras\u0131 yerinden edilen topluluklar\u0131n afet g\u00fcvenli\u011fini ve g\u00fcndelik ya\u015fam\u0131n\u0131 merkeze alan proje, geleneksel Aceh mimarisini modern ve dayan\u0131kl\u0131 bir yap\u0131 sistemiyle birle\u015ftiriyor. Sel riskine kar\u015f\u0131 y\u00fckseltilmi\u015f bir sistem sunan tasar\u0131m; avlu, at\u00f6lye ve pazar alanlar\u0131yla b\u00f6lge halk\u0131n\u0131n k\u00fclt\u00fcrel aidiyetini korumay\u0131 ama\u00e7l\u0131yor.<\/p>\n<p>K\u0131r\u0131lgan ekosistemine &#8220;\u00d6zel&#8221; dokunu\u015f<br \/>\n<br \/>Zeynep Naz Alkan ise rotas\u0131n\u0131 UNESCO D\u00fcnya Miras\u0131 listesindeki Galpagos Adalar\u0131\u2019na \u00e7evirdi. Alkan, &#8220;CarapEdge&#8221; isimli projesiyle Burcu Kundak \u00d6zel \u00d6d\u00fcl\u00fc\u2019ne lay\u0131k g\u00f6r\u00fcld\u00fc. \u0130nsan ve do\u011fan\u0131n ekosisteme zarar vermeden bir arada var olabilece\u011fi bir ara\u015ft\u0131rma merkezi \u00f6neren proje, falez kenar\u0131na ask\u0131l\u0131 platformlarla yerle\u015ferek araziye minimum m\u00fcdahale ilkesiyle dikkat \u00e7ekti. Bilimsel \u00fcretim ile ekolojik korumay\u0131 dengeleyen tasar\u0131m, j\u00fcriden tam not ald\u0131.<br \/>\n<br \/>Gen\u00e7 mimarlar\u0131n ba\u015far\u0131s\u0131nda b\u00fcy\u00fck pay sahibi olan proje koordinat\u00f6r\u00fc Do\u00e7. Dr. Mauricio Gabriel Morales Beltran da \u00f6\u011frencilerin k\u00fcresel \u00f6l\u00e7ekteki \u00e7evre sorunlar\u0131na ve toplumsal ihtiya\u00e7lara duyarl\u0131 yakla\u015f\u0131mlar\u0131n\u0131n mimarl\u0131k e\u011fitimi i\u00e7in \u00e7ok de\u011ferli bir \u00e7\u0131kt\u0131 oldu\u011funu vurgulad\u0131.<br \/><\/p>\n","protected":false},"excerpt":{"rendered":"<p>\u0130zmir Serbest Mimarlar Derne\u011fi (\u0130zmir SMD) taraf\u0131ndan d\u00fczenlenen &#8220;Merhaba&#8221; \u00d6\u011frenci Bitirme Projesi Yar\u0131\u015fmas\u0131\u2019nda, Ya\u015far \u00dcniversitesi Mimarl\u0131k B\u00f6l\u00fcm\u00fc mezunlar\u0131 Batuhan Ya\u015f ve Zeynep Naz Alkan b\u00fcy\u00fck bir ba\u015far\u0131ya imza atarak \u00f6d\u00fclleri toplad\u0131. \u0130zmir Serbest Mimarlar Derne\u011fi (\u0130zmir SMD) taraf\u0131ndan bu y\u0131l d\u00fczenlenen ve 102 projenin k\u0131yas\u0131ya yar\u0131\u015ft\u0131\u011f\u0131 &#8220;Merhaba&#8221; \u00d6\u011frenci Bitirme Projesi Yar\u0131\u015fmas\u0131 sonu\u00e7land\u0131. \u0130zmir ve \u00e7evresinin&#8230;<\/p>\n","protected":false},"author":1,"featured_media":78086,"comment_status":"open","ping_status":"open","sticky":false,"template":"","format":"standard","meta":{"_crdt_document":"","footnotes":""},"categories":[1],"tags":[],"class_list":["post-78085","post","type-post","status-publish","format-standard","has-post-thumbnail","hentry","category-guncel"],"_links":{"self":[{"href":"https:\/\/www.egemtv.com\/index.php?rest_route=\/wp\/v2\/posts\/78085","targetHints":{"allow":["GET"]}}],"collection":[{"href":"https:\/\/www.egemtv.com\/index.php?rest_route=\/wp\/v2\/posts"}],"about":[{"href":"https:\/\/www.egemtv.com\/index.php?rest_route=\/wp\/v2\/types\/post"}],"author":[{"embeddable":true,"href":"https:\/\/www.egemtv.com\/index.php?rest_route=\/wp\/v2\/users\/1"}],"replies":[{"embeddable":true,"href":"https:\/\/www.egemtv.com\/index.php?rest_route=%2Fwp%2Fv2%2Fcomments&post=78085"}],"version-history":[{"count":1,"href":"https:\/\/www.egemtv.com\/index.php?rest_route=\/wp\/v2\/posts\/78085\/revisions"}],"predecessor-version":[{"id":78087,"href":"https:\/\/www.egemtv.com\/index.php?rest_route=\/wp\/v2\/posts\/78085\/revisions\/78087"}],"wp:featuredmedia":[{"embeddable":true,"href":"https:\/\/www.egemtv.com\/index.php?rest_route=\/wp\/v2\/media\/78086"}],"wp:attachment":[{"href":"https:\/\/www.egemtv.com\/index.php?rest_route=%2Fwp%2Fv2%2Fmedia&parent=78085"}],"wp:term":[{"taxonomy":"category","embeddable":true,"href":"https:\/\/www.egemtv.com\/index.php?rest_route=%2Fwp%2Fv2%2Fcategories&post=78085"},{"taxonomy":"post_tag","embeddable":true,"href":"https:\/\/www.egemtv.com\/index.php?rest_route=%2Fwp%2Fv2%2Ftags&post=78085"}],"curies":[{"name":"wp","href":"https:\/\/api.w.org\/{rel}","templated":true}]}}