{"id":78079,"date":"2026-01-02T08:54:29","date_gmt":"2026-01-02T05:54:29","guid":{"rendered":"https:\/\/www.egemtv.com\/?p=78079"},"modified":"2026-01-02T08:54:30","modified_gmt":"2026-01-02T05:54:30","slug":"aydinda-yagisli-hava-etkili-olacak-4","status":"publish","type":"post","link":"https:\/\/www.egemtv.com\/?p=78079","title":{"rendered":"Ayd\u0131n\u2019da ya\u011f\u0131\u015fl\u0131 hava etkili olacak"},"content":{"rendered":"<p>Ayd\u0131n\u2019da yar\u0131ndan itibaren sa\u011fanak ya\u011f\u0131\u015fl\u0131 havan\u0131n etkili olmas\u0131 bekleniyor.<br \/>\n<br \/>T\u00fcm yurdu etkisi alt\u0131na alan so\u011fuk ve ya\u011f\u0131\u015fl\u0131 hava Ayd\u0131n\u2019da da kendisini g\u00f6sterdi. Ayd\u0131n\u2019\u0131n baz\u0131 y\u00fcksek kesimleri karla kaplan\u0131rken, d\u00fc\u015f\u00fck rak\u0131ml\u0131 b\u00f6lgelerde kuru ve so\u011fuk hava etkili oldu. Yar\u0131ndan itibaren s\u0131cakl\u0131k derecelerinin 5-6 derece y\u00fckselerek, sa\u011fanak ya\u011f\u0131\u015fl\u0131 havan\u0131n yerel olarak etkili olmas\u0131 bekleniyor. Ayd\u0131n\u2019da havan\u0131n bug\u00fcn par\u00e7al\u0131 bulutlu, Cumartesi ve Pazar par\u00e7al\u0131 \u00e7ok bulutlu aral\u0131kl\u0131 sa\u011fanak ya\u011f\u0131\u015fl\u0131, Pazartesi par\u00e7al\u0131 ve \u00e7ok bulutlu, aral\u0131kl\u0131 ve yerel sa\u011fanak ya\u011f\u0131\u015fl\u0131, Sal\u0131 g\u00fcn\u00fc ise par\u00e7al\u0131 ve \u00e7ok bulutlu, bat\u0131 k\u0131y\u0131 kesimler yerel sa\u011fanak ya\u011f\u0131\u015fl\u0131 olmas\u0131 tahmin ediliyor.<br \/><\/p>\n","protected":false},"excerpt":{"rendered":"<p>Ayd\u0131n\u2019da yar\u0131ndan itibaren sa\u011fanak ya\u011f\u0131\u015fl\u0131 havan\u0131n etkili olmas\u0131 bekleniyor. T\u00fcm yurdu etkisi alt\u0131na alan so\u011fuk ve ya\u011f\u0131\u015fl\u0131 hava Ayd\u0131n\u2019da da kendisini g\u00f6sterdi. Ayd\u0131n\u2019\u0131n baz\u0131 y\u00fcksek kesimleri karla kaplan\u0131rken, d\u00fc\u015f\u00fck rak\u0131ml\u0131 b\u00f6lgelerde kuru ve so\u011fuk hava etkili oldu. Yar\u0131ndan itibaren s\u0131cakl\u0131k derecelerinin 5-6 derece y\u00fckselerek, sa\u011fanak ya\u011f\u0131\u015fl\u0131 havan\u0131n yerel olarak etkili olmas\u0131 bekleniyor. Ayd\u0131n\u2019da havan\u0131n bug\u00fcn&#8230;<\/p>\n","protected":false},"author":1,"featured_media":78080,"comment_status":"open","ping_status":"open","sticky":false,"template":"","format":"standard","meta":{"_crdt_document":"","footnotes":""},"categories":[1],"tags":[],"class_list":["post-78079","post","type-post","status-publish","format-standard","has-post-thumbnail","hentry","category-guncel"],"_links":{"self":[{"href":"https:\/\/www.egemtv.com\/index.php?rest_route=\/wp\/v2\/posts\/78079","targetHints":{"allow":["GET"]}}],"collection":[{"href":"https:\/\/www.egemtv.com\/index.php?rest_route=\/wp\/v2\/posts"}],"about":[{"href":"https:\/\/www.egemtv.com\/index.php?rest_route=\/wp\/v2\/types\/post"}],"author":[{"embeddable":true,"href":"https:\/\/www.egemtv.com\/index.php?rest_route=\/wp\/v2\/users\/1"}],"replies":[{"embeddable":true,"href":"https:\/\/www.egemtv.com\/index.php?rest_route=%2Fwp%2Fv2%2Fcomments&post=78079"}],"version-history":[{"count":1,"href":"https:\/\/www.egemtv.com\/index.php?rest_route=\/wp\/v2\/posts\/78079\/revisions"}],"predecessor-version":[{"id":78081,"href":"https:\/\/www.egemtv.com\/index.php?rest_route=\/wp\/v2\/posts\/78079\/revisions\/78081"}],"wp:featuredmedia":[{"embeddable":true,"href":"https:\/\/www.egemtv.com\/index.php?rest_route=\/wp\/v2\/media\/78080"}],"wp:attachment":[{"href":"https:\/\/www.egemtv.com\/index.php?rest_route=%2Fwp%2Fv2%2Fmedia&parent=78079"}],"wp:term":[{"taxonomy":"category","embeddable":true,"href":"https:\/\/www.egemtv.com\/index.php?rest_route=%2Fwp%2Fv2%2Fcategories&post=78079"},{"taxonomy":"post_tag","embeddable":true,"href":"https:\/\/www.egemtv.com\/index.php?rest_route=%2Fwp%2Fv2%2Ftags&post=78079"}],"curies":[{"name":"wp","href":"https:\/\/api.w.org\/{rel}","templated":true}]}}