{"id":78076,"date":"2026-01-02T08:14:47","date_gmt":"2026-01-02T05:14:47","guid":{"rendered":"https:\/\/www.egemtv.com\/?p=78076"},"modified":"2026-01-02T08:14:48","modified_gmt":"2026-01-02T05:14:48","slug":"bucadaki-silahli-kavgada-bir-kisi-hayatini-kaybetti","status":"publish","type":"post","link":"https:\/\/www.egemtv.com\/?p=78076","title":{"rendered":"Buca\u2019daki silahl\u0131 kavgada bir ki\u015fi hayat\u0131n\u0131 kaybetti"},"content":{"rendered":"<p>\u0130zmir\u2019in Buca il\u00e7esinde iki grup aras\u0131nda \u00e7\u0131kan silahl\u0131 kavgada ensesinden vurulan bir ki\u015fi hayat\u0131n\u0131 kaybetti.<br \/>\n<br \/>Olay, 31 Aral\u0131k g\u00fcn\u00fc saat 22.00 s\u0131ralar\u0131nda Buca il\u00e7esi 29 Ekim Mahallesi\u2019nde meydana geldi. Edinilen bilgiye g\u00f6re, bir i\u015fletmenin bah\u00e7esinde bir araya gelen Muzaffer \u0130diz (41), Taner \u00c7. (48) ve \u00c7a\u011fda\u015f \u00d6. (38) aras\u0131nda ge\u00e7mi\u015fe dayal\u0131 husumet nedeniyle tart\u0131\u015fma \u00e7\u0131kt\u0131. Alkoll\u00fc olduklar\u0131 iddia edilen \u015fah\u0131slar aras\u0131ndaki gerginli\u011fin kavgaya d\u00f6n\u00fc\u015fmesi \u00fczerine Taner \u00c7., yan\u0131ndaki tabancayla ate\u015f ederek Muzaffer \u0130diz\u2019i ensesinden vurdu. \u015e\u00fcpheliler Taner \u00c7. ve \u00c7a\u011fda\u015f \u00d6. olay yerinden ka\u00e7arken, durumu g\u00f6ren vatanda\u015flar 112 Acil \u00c7a\u011fr\u0131 Merkezi\u2019ne bildirdi. Olay\u0131 duyarak b\u00f6lgeye gelen Muzaffer \u0130diz\u2019in karde\u015fi, a\u011f\u0131r yaral\u0131 a\u011fabeyini kendi imkanlar\u0131yla \u00f6zel bir hastaneye g\u00f6t\u00fcrd\u00fc. Burada tedavi alt\u0131na al\u0131nan \u0130diz, yap\u0131lan t\u00fcm m\u00fcdahalelere ra\u011fmen kurtar\u0131lamayarak hayat\u0131n\u0131 kaybetti. \u0130diz\u2019in cenazesi, savc\u0131l\u0131k incelemesinin ard\u0131ndan \u0130zmir Adli T\u0131p Kurumu morguna kald\u0131r\u0131ld\u0131.<br \/>\n<br \/>Olay\u0131n ard\u0131ndan geni\u015f \u00e7apl\u0131 soru\u015fturma ba\u015flatan jandarma ekipleri, \u015f\u00fcphelilerden \u00c7a\u011fda\u015f \u00d6.\u2019y\u00fc yakalayarak g\u00f6zalt\u0131na ald\u0131. Firari zanl\u0131 Taner \u00c7.\u2019yi yakalama \u00e7al\u0131\u015fmalar\u0131n\u0131n ise s\u00fcrd\u00fc\u011f\u00fc \u00f6\u011frenildi.<br \/>\n<br \/>Olayla ilgili ba\u015flat\u0131lan soru\u015fturma devam ediyor.<br \/><\/p>\n","protected":false},"excerpt":{"rendered":"<p>\u0130zmir\u2019in Buca il\u00e7esinde iki grup aras\u0131nda \u00e7\u0131kan silahl\u0131 kavgada ensesinden vurulan bir ki\u015fi hayat\u0131n\u0131 kaybetti. Olay, 31 Aral\u0131k g\u00fcn\u00fc saat 22.00 s\u0131ralar\u0131nda Buca il\u00e7esi 29 Ekim Mahallesi\u2019nde meydana geldi. Edinilen bilgiye g\u00f6re, bir i\u015fletmenin bah\u00e7esinde bir araya gelen Muzaffer \u0130diz (41), Taner \u00c7. (48) ve \u00c7a\u011fda\u015f \u00d6. (38) aras\u0131nda ge\u00e7mi\u015fe dayal\u0131 husumet nedeniyle tart\u0131\u015fma \u00e7\u0131kt\u0131&#8230;.<\/p>\n","protected":false},"author":1,"featured_media":78077,"comment_status":"open","ping_status":"open","sticky":false,"template":"","format":"standard","meta":{"_crdt_document":"","footnotes":""},"categories":[5],"tags":[],"class_list":["post-78076","post","type-post","status-publish","format-standard","has-post-thumbnail","hentry","category-asayis"],"_links":{"self":[{"href":"https:\/\/www.egemtv.com\/index.php?rest_route=\/wp\/v2\/posts\/78076","targetHints":{"allow":["GET"]}}],"collection":[{"href":"https:\/\/www.egemtv.com\/index.php?rest_route=\/wp\/v2\/posts"}],"about":[{"href":"https:\/\/www.egemtv.com\/index.php?rest_route=\/wp\/v2\/types\/post"}],"author":[{"embeddable":true,"href":"https:\/\/www.egemtv.com\/index.php?rest_route=\/wp\/v2\/users\/1"}],"replies":[{"embeddable":true,"href":"https:\/\/www.egemtv.com\/index.php?rest_route=%2Fwp%2Fv2%2Fcomments&post=78076"}],"version-history":[{"count":1,"href":"https:\/\/www.egemtv.com\/index.php?rest_route=\/wp\/v2\/posts\/78076\/revisions"}],"predecessor-version":[{"id":78078,"href":"https:\/\/www.egemtv.com\/index.php?rest_route=\/wp\/v2\/posts\/78076\/revisions\/78078"}],"wp:featuredmedia":[{"embeddable":true,"href":"https:\/\/www.egemtv.com\/index.php?rest_route=\/wp\/v2\/media\/78077"}],"wp:attachment":[{"href":"https:\/\/www.egemtv.com\/index.php?rest_route=%2Fwp%2Fv2%2Fmedia&parent=78076"}],"wp:term":[{"taxonomy":"category","embeddable":true,"href":"https:\/\/www.egemtv.com\/index.php?rest_route=%2Fwp%2Fv2%2Fcategories&post=78076"},{"taxonomy":"post_tag","embeddable":true,"href":"https:\/\/www.egemtv.com\/index.php?rest_route=%2Fwp%2Fv2%2Ftags&post=78076"}],"curies":[{"name":"wp","href":"https:\/\/api.w.org\/{rel}","templated":true}]}}