{"id":78073,"date":"2026-01-01T22:14:32","date_gmt":"2026-01-01T19:14:32","guid":{"rendered":"https:\/\/www.egemtv.com\/?p=78073"},"modified":"2026-01-01T22:14:33","modified_gmt":"2026-01-01T19:14:33","slug":"baskan-zencirci-ekipleri-sahadan-cekti","status":"publish","type":"post","link":"https:\/\/www.egemtv.com\/?p=78073","title":{"rendered":"Ba\u015fkan Zencirci ekipleri sahadan \u00e7ekti"},"content":{"rendered":"<p>Ayd\u0131n genelinde son g\u00fcnlerde etkili olan so\u011fuk havalar\u0131n ard\u0131ndan Germencik Belediye Ba\u015fkan\u0131 Burak Zencirci, temizlik i\u015f\u00e7ilerinin sa\u011fl\u0131\u011f\u0131n\u0131 korumak ad\u0131na 2 g\u00fcn boyunca gece \u00e7al\u0131\u015fmalar\u0131na ara verildi\u011fini duyurdu.<br \/>\n<br \/>Germencik Belediye Ba\u015fkan\u0131 Burak Zencirci s\u0131f\u0131r\u0131n alt\u0131na d\u00fc\u015fen s\u0131cakl\u0131klar sebebiyle i\u015f\u00e7ilerin sa\u011fl\u0131\u011f\u0131n\u0131 korumak i\u00e7in 2 g\u00fcn boyunca gece \u00e7al\u0131\u015fmalar\u0131na ara verildi\u011fini duyurdu. \u00c7al\u0131\u015fanlar\u0131n sa\u011fl\u0131\u011f\u0131n\u0131n her \u015feyden \u00f6nce geldi\u011fini ifade eden Ba\u015fkan Zencirci, hava s\u0131cakl\u0131klar\u0131n\u0131n eksi seviyelerine d\u00fc\u015ft\u00fc\u011f\u00fc k\u0131\u015f \u015fartlar\u0131nda t\u0131pk\u0131 yaz\u0131n a\u015f\u0131r\u0131 s\u0131cakl\u0131klarda da oldu\u011fu gibi \u00e7al\u0131\u015fmaya ara vereceklerini s\u00f6yledi. Hizmette aksama ve eksiklik olmayaca\u011f\u0131n\u0131 da ifade eden Ba\u015fkan Zencirci vatanda\u015flardan anlay\u0131\u015f beklediklerini s\u00f6zlerine ekledi.<br \/>\n<br \/>&#8220;\u00c7al\u0131\u015fanlar\u0131m\u0131z\u0131n sa\u011fl\u0131\u011f\u0131 her \u015feyden \u00f6nemli&#8221;<br \/>\n<br \/>\u0130nsan sa\u011fl\u0131\u011f\u0131n\u0131n her \u015feyden \u00f6nemli oldu\u011funu vurgulayan Ba\u015fkan Zencirci; &#8220;Hava s\u0131cakl\u0131klar\u0131n\u0131n eksi derecelere kadar d\u00fc\u015ft\u00fc\u011f\u00fc bu gecede, emek\u00e7ilerimizin sa\u011fl\u0131\u011f\u0131n\u0131 \u00f6nceli\u011fimiz olarak g\u00f6r\u00fcyoruz. Bu kapsamda Temizlik \u0130\u015fleri M\u00fcd\u00fcrl\u00fc\u011f\u00fc ekiplerimizin gece mesaisi acil durumlar d\u0131\u015f\u0131nda bu gece itibar\u0131yla durdurulmu\u015f, \u00e7al\u0131\u015fmalar iki g\u00fcn boyunca yaln\u0131zca g\u00fcnd\u00fcz mesaisi \u015feklinde s\u00fcrd\u00fcr\u00fclecektir. Emek\u00e7ilerimizin sa\u011fl\u0131\u011f\u0131 ve g\u00fcvenli\u011fi, her \u015fartta \u00f6nceli\u011fimiz olmaya devam edecek&#8221; dedi.<br \/><\/p>\n","protected":false},"excerpt":{"rendered":"<p>Ayd\u0131n genelinde son g\u00fcnlerde etkili olan so\u011fuk havalar\u0131n ard\u0131ndan Germencik Belediye Ba\u015fkan\u0131 Burak Zencirci, temizlik i\u015f\u00e7ilerinin sa\u011fl\u0131\u011f\u0131n\u0131 korumak ad\u0131na 2 g\u00fcn boyunca gece \u00e7al\u0131\u015fmalar\u0131na ara verildi\u011fini duyurdu. Germencik Belediye Ba\u015fkan\u0131 Burak Zencirci s\u0131f\u0131r\u0131n alt\u0131na d\u00fc\u015fen s\u0131cakl\u0131klar sebebiyle i\u015f\u00e7ilerin sa\u011fl\u0131\u011f\u0131n\u0131 korumak i\u00e7in 2 g\u00fcn boyunca gece \u00e7al\u0131\u015fmalar\u0131na ara verildi\u011fini duyurdu. \u00c7al\u0131\u015fanlar\u0131n sa\u011fl\u0131\u011f\u0131n\u0131n her \u015feyden \u00f6nce geldi\u011fini&#8230;<\/p>\n","protected":false},"author":1,"featured_media":78074,"comment_status":"open","ping_status":"open","sticky":false,"template":"","format":"standard","meta":{"_crdt_document":"","footnotes":""},"categories":[1],"tags":[],"class_list":["post-78073","post","type-post","status-publish","format-standard","has-post-thumbnail","hentry","category-guncel"],"_links":{"self":[{"href":"https:\/\/www.egemtv.com\/index.php?rest_route=\/wp\/v2\/posts\/78073","targetHints":{"allow":["GET"]}}],"collection":[{"href":"https:\/\/www.egemtv.com\/index.php?rest_route=\/wp\/v2\/posts"}],"about":[{"href":"https:\/\/www.egemtv.com\/index.php?rest_route=\/wp\/v2\/types\/post"}],"author":[{"embeddable":true,"href":"https:\/\/www.egemtv.com\/index.php?rest_route=\/wp\/v2\/users\/1"}],"replies":[{"embeddable":true,"href":"https:\/\/www.egemtv.com\/index.php?rest_route=%2Fwp%2Fv2%2Fcomments&post=78073"}],"version-history":[{"count":1,"href":"https:\/\/www.egemtv.com\/index.php?rest_route=\/wp\/v2\/posts\/78073\/revisions"}],"predecessor-version":[{"id":78075,"href":"https:\/\/www.egemtv.com\/index.php?rest_route=\/wp\/v2\/posts\/78073\/revisions\/78075"}],"wp:featuredmedia":[{"embeddable":true,"href":"https:\/\/www.egemtv.com\/index.php?rest_route=\/wp\/v2\/media\/78074"}],"wp:attachment":[{"href":"https:\/\/www.egemtv.com\/index.php?rest_route=%2Fwp%2Fv2%2Fmedia&parent=78073"}],"wp:term":[{"taxonomy":"category","embeddable":true,"href":"https:\/\/www.egemtv.com\/index.php?rest_route=%2Fwp%2Fv2%2Fcategories&post=78073"},{"taxonomy":"post_tag","embeddable":true,"href":"https:\/\/www.egemtv.com\/index.php?rest_route=%2Fwp%2Fv2%2Ftags&post=78073"}],"curies":[{"name":"wp","href":"https:\/\/api.w.org\/{rel}","templated":true}]}}